{"id":864,"date":"2005-07-28T13:19:24","date_gmt":"2005-07-28T13:19:24","guid":{"rendered":"http:\/\/akys.kapsi.fi\/wordpress\/?p=864"},"modified":"2023-03-06T10:42:15","modified_gmt":"2023-03-06T10:42:15","slug":"huomautus-yleisradiolle-terrorismiohjelmasta","status":"publish","type":"post","link":"https:\/\/akys.kapsi.fi\/wordpress\/huomautus-yleisradiolle-terrorismiohjelmasta\/","title":{"rendered":"Huomautus Yleisradiolle terrorismiohjelmasta"},"content":{"rendered":"<p>28.7.2005<\/p>\n<p>Yleisradio<\/p>\n<p>Tiistaina 26.7. Ajankohtaisessa kakkosessa haastateltiin Israelin tiedustelupalvelun Mossadin entist\u00e4 johtajaa Englannin ja Egyptin \u00e4skeitt\u00e4isten pommi-iskujen johdosta. Johtaja luonnollisesti k\u00e4ytti tilaisuutta hyv\u00e4kseen ja yhdisti Euroopan ja Israelin yhteiseen terrorismin vastaisen sodan rintamaan ja korosti, ett\u00e4 Euroopassa ja Amerikassa koettu islamilainen terrorismi ei johdu Israelin ja Palestiinan konfliktista.<!--more--><\/p>\n<p>Israelin Palestiinan-politiikkaa voidaan kuvata parhaiten sanoilla etninen puhdistus ja valtioterrori. Mossad on tullut tunnetuksi muun muassa Israelin vastustajiin ymp\u00e4ri maailmaa kohdistetuista attentaateista ja salamurhista. Sen agentteja on j\u00e4\u00e4nyt kiinni muissa maissa ja tuomittu laittomuuksista.<\/p>\n<p>Israelin ja Palestiinan alueiden v\u00e4kivallan perussyy on miehitys ja palestiinalaisten sortaminen. Hamas-j\u00e4rjest\u00f6 perustettiin alun perin Israelin toimesta hajoittamaan palestiinalaisten vastarintaa. Palestiinassa Israelin \u201dterrorismin torjunnan\u201d tuloksena tuhannet ovat menett\u00e4neet henkens\u00e4. Israel on soveltanut laittomia kollektiivisia rangaistuksia ja tuhonnut suuret m\u00e4\u00e4r\u00e4t asumuksia ja viljelyksi\u00e4. Kansainv\u00e4lisen oikeuden laittomaksi toteaman muurin rakentamisella kaapataan lis\u00e4\u00e4 palestiinalaisten maita ja tehd\u00e4\u00e4n heid\u00e4n j\u00e4\u00e4misens\u00e4 j\u00e4ljelle j\u00e4\u00e4ville alueille mahdottomaksi.<\/p>\n<p>Islamilaisissa maissa t\u00e4llainen muslimiveljien kohtelu ja se, ett\u00e4 l\u00e4nsimaat antavat Israelin esteett\u00e4 jatkaa miehityst\u00e4, her\u00e4tt\u00e4\u00e4 raivoa ja motivoi my\u00f6s terrorismia. Israelin politiikan hiljaisen hyv\u00e4ksymisen sijasta Euroopan pit\u00e4isi tuomita se selvemmin ja painostaa Israelia ainoaan rauhaa tuovaan ratkaisuun, oikeuden antamiseen palestiinalaisille.<\/p>\n<p>Antamalla Mossadin johtajalle tilaisuus esitt\u00e4\u00e4 Eurooppa ja Israel yhdess\u00e4 samanlaisen terrorin uhreina Ajankohtainen kakkonen osoitti mielest\u00e4mme vastuuttomuutta ja hyvin huonoa harkintaa. Ohjelman viestin mukaan terrorismia vastustetaan vain yhdist\u00e4m\u00e4ll\u00e4 voimat ja iskem\u00e4ll\u00e4 lujemmin, ep\u00e4oikeudenmukainen politiikka on merkitykset\u00f6nt\u00e4. Puolueellisempaa \u201dasiantuntijaa\u201d olisi tuskin voinut l\u00f6yty\u00e4.<\/p>\n<p>Terrorismi on tuomittavaa kaikenlaisissa muodoissa. Toivomme, ett\u00e4 tulevissa ohjelmissa asiaa k\u00e4sitell\u00e4\u00e4n objektiivisemmista ja vastuuntuntoisemmista n\u00e4k\u00f6kulmista.<\/p>\n<p>Helsingiss\u00e4, 28.7.2005<br \/>\nArabikansojen yst\u00e4vyysseura ry<\/p>\n<div class=\"synved-social-container synved-social-container-share\" style=\"text-align: right\"><a class=\"synved-social-button synved-social-button-share synved-social-size-32 synved-social-resolution-single synved-social-provider-facebook nolightbox\" data-provider=\"facebook\" target=\"_blank\" rel=\"nofollow\" title=\"Jaa Facebookissa\" href=\"https:\/\/www.facebook.com\/sharer.php?u=https%3A%2F%2Fakys.kapsi.fi%2Fwordpress%2Fwp-json%2Fwp%2Fv2%2Fposts%2F864&#038;t=Huomautus%20Yleisradiolle%20terrorismiohjelmasta&#038;s=100&#038;p&#091;url&#093;=https%3A%2F%2Fakys.kapsi.fi%2Fwordpress%2Fwp-json%2Fwp%2Fv2%2Fposts%2F864&#038;p&#091;images&#093;&#091;0&#093;=&#038;p&#091;title&#093;=Huomautus%20Yleisradiolle%20terrorismiohjelmasta\" style=\"font-size: 0px;width:32px;height:32px;margin:0;margin-bottom:5px;margin-right:5px\"><img loading=\"lazy\" decoding=\"async\" alt=\"Facebook\" title=\"Jaa Facebookissa\" class=\"synved-share-image synved-social-image synved-social-image-share\" width=\"32\" height=\"32\" style=\"display: inline;width:32px;height:32px;margin: 0;padding: 0;border: none;box-shadow: none\" src=\"https:\/\/akys.kapsi.fi\/wordpress\/wp-content\/plugins\/social-media-feather\/synved-social\/image\/social\/regular\/64x64\/facebook.png\" \/><\/a><a class=\"synved-social-button synved-social-button-share synved-social-size-32 synved-social-resolution-single synved-social-provider-twitter nolightbox\" data-provider=\"twitter\" target=\"_blank\" rel=\"nofollow\" title=\"Share on Twitter\" href=\"https:\/\/twitter.com\/intent\/tweet?url=https%3A%2F%2Fakys.kapsi.fi%2Fwordpress%2Fwp-json%2Fwp%2Fv2%2Fposts%2F864&#038;text=Hey%20check%20this%20out\" style=\"font-size: 0px;width:32px;height:32px;margin:0;margin-bottom:5px;margin-right:5px\"><img loading=\"lazy\" decoding=\"async\" alt=\"twitter\" title=\"Share on Twitter\" class=\"synved-share-image synved-social-image synved-social-image-share\" width=\"32\" height=\"32\" style=\"display: inline;width:32px;height:32px;margin: 0;padding: 0;border: none;box-shadow: none\" src=\"https:\/\/akys.kapsi.fi\/wordpress\/wp-content\/plugins\/social-media-feather\/synved-social\/image\/social\/regular\/64x64\/twitter.png\" \/><\/a><a class=\"synved-social-button synved-social-button-share synved-social-size-32 synved-social-resolution-single synved-social-provider-pinterest nolightbox\" data-provider=\"pinterest\" target=\"_blank\" rel=\"nofollow\" title=\"Pin it with Pinterest\" href=\"https:\/\/pinterest.com\/pin\/create\/button\/?url=https%3A%2F%2Fakys.kapsi.fi%2Fwordpress%2Fwp-json%2Fwp%2Fv2%2Fposts%2F864&#038;media=&#038;description=Huomautus%20Yleisradiolle%20terrorismiohjelmasta\" style=\"font-size: 0px;width:32px;height:32px;margin:0;margin-bottom:5px;margin-right:5px\"><img loading=\"lazy\" decoding=\"async\" alt=\"pinterest\" title=\"Pin it with Pinterest\" class=\"synved-share-image synved-social-image synved-social-image-share\" width=\"32\" height=\"32\" style=\"display: inline;width:32px;height:32px;margin: 0;padding: 0;border: none;box-shadow: none\" src=\"https:\/\/akys.kapsi.fi\/wordpress\/wp-content\/plugins\/social-media-feather\/synved-social\/image\/social\/regular\/64x64\/pinterest.png\" \/><\/a><a class=\"synved-social-button synved-social-button-share synved-social-size-32 synved-social-resolution-single synved-social-provider-mail nolightbox\" data-provider=\"mail\" rel=\"nofollow\" title=\"Share by email\" href=\"mailto:?subject=Huomautus%20Yleisradiolle%20terrorismiohjelmasta&#038;body=Hey%20check%20this%20out:%20https%3A%2F%2Fakys.kapsi.fi%2Fwordpress%2Fwp-json%2Fwp%2Fv2%2Fposts%2F864\" style=\"font-size: 0px;width:32px;height:32px;margin:0;margin-bottom:5px\"><img loading=\"lazy\" decoding=\"async\" alt=\"mail\" title=\"Share by email\" class=\"synved-share-image synved-social-image synved-social-image-share\" width=\"32\" height=\"32\" style=\"display: inline;width:32px;height:32px;margin: 0;padding: 0;border: none;box-shadow: none\" src=\"https:\/\/akys.kapsi.fi\/wordpress\/wp-content\/plugins\/social-media-feather\/synved-social\/image\/social\/regular\/64x64\/mail.png\" \/><\/a><\/div>","protected":false},"excerpt":{"rendered":"<p>28.7.2005 Yleisradio Tiistaina 26.7. Ajankohtaisessa kakkosessa haastateltiin Israelin tiedustelupalvelun Mossadin entist\u00e4 johtajaa Englannin ja Egyptin \u00e4skeitt\u00e4isten pommi-iskujen johdosta. Johtaja luonnollisesti k\u00e4ytti tilaisuutta hyv\u00e4kseen ja yhdisti Euroopan ja Israelin yhteiseen terrorismin &hellip; <\/p>\n<p class=\"link-more\"><a href=\"https:\/\/akys.kapsi.fi\/wordpress\/huomautus-yleisradiolle-terrorismiohjelmasta\/\" class=\"more-link\">Jatka lukemista<span class=\"screen-reader-text\"> &#8221;Huomautus Yleisradiolle terrorismiohjelmasta&#8221;<\/span><\/a><\/p>\n","protected":false},"author":4,"featured_media":0,"comment_status":"closed","ping_status":"closed","sticky":false,"template":"","format":"standard","meta":{"footnotes":""},"categories":[5],"tags":[],"class_list":["post-864","post","type-post","status-publish","format-standard","hentry","category-vetoomukset","entry"],"_links":{"self":[{"href":"https:\/\/akys.kapsi.fi\/wordpress\/wp-json\/wp\/v2\/posts\/864","targetHints":{"allow":["GET"]}}],"collection":[{"href":"https:\/\/akys.kapsi.fi\/wordpress\/wp-json\/wp\/v2\/posts"}],"about":[{"href":"https:\/\/akys.kapsi.fi\/wordpress\/wp-json\/wp\/v2\/types\/post"}],"author":[{"embeddable":true,"href":"https:\/\/akys.kapsi.fi\/wordpress\/wp-json\/wp\/v2\/users\/4"}],"replies":[{"embeddable":true,"href":"https:\/\/akys.kapsi.fi\/wordpress\/wp-json\/wp\/v2\/comments?post=864"}],"version-history":[{"count":2,"href":"https:\/\/akys.kapsi.fi\/wordpress\/wp-json\/wp\/v2\/posts\/864\/revisions"}],"predecessor-version":[{"id":2342,"href":"https:\/\/akys.kapsi.fi\/wordpress\/wp-json\/wp\/v2\/posts\/864\/revisions\/2342"}],"wp:attachment":[{"href":"https:\/\/akys.kapsi.fi\/wordpress\/wp-json\/wp\/v2\/media?parent=864"}],"wp:term":[{"taxonomy":"category","embeddable":true,"href":"https:\/\/akys.kapsi.fi\/wordpress\/wp-json\/wp\/v2\/categories?post=864"},{"taxonomy":"post_tag","embeddable":true,"href":"https:\/\/akys.kapsi.fi\/wordpress\/wp-json\/wp\/v2\/tags?post=864"}],"curies":[{"name":"wp","href":"https:\/\/api.w.org\/{rel}","templated":true}]}}