{"id":862,"date":"2005-10-22T13:16:44","date_gmt":"2005-10-22T13:16:44","guid":{"rendered":"http:\/\/akys.kapsi.fi\/wordpress\/?p=862"},"modified":"2023-03-06T10:42:22","modified_gmt":"2023-03-06T10:42:22","slug":"tervehdys-palestiinalaisvangeille","status":"publish","type":"post","link":"https:\/\/akys.kapsi.fi\/wordpress\/tervehdys-palestiinalaisvangeille\/","title":{"rendered":"Tervehdys palestiinalaisvangeille"},"content":{"rendered":"<p><em>Arabikansojen yst\u00e4vyysseura ja Psykologien Sosiaalinen Vastuu ovat l\u00e4hett\u00e4neet 22.10.2005 oheisen viestin Palestiinan television ohjelmaan, jossa luetaan viestej\u00e4 Israelin vankiloissa oleville palestiinalaisille vangeille ja heid\u00e4n omaisilleen. Israelin vankilaviranomaiset sallivat vankien katsoa t\u00e4t\u00e4 ohjelmaa, jota katsotaan laajalti Palestiinassa.<\/em> <!--more--><\/p>\n<p>Tervehdys palestiinalaisvangeille<\/p>\n<p>Arabikansojen yst\u00e4vyysseura ja Psykologien Sosiaalinen Vastuu Suomesta haluavat l\u00e4hett\u00e4\u00e4 solidaarisuusterveiset kaikille syytt\u00f6m\u00e4sti vangituille palestiinalaisille. Olemme huolestuneina seuranneet sit\u00e4, miten Israel jatkaa mielivaltaisia ja laittomia pid\u00e4tyksi\u00e4. Ihmisi\u00e4 pidet\u00e4\u00e4n vangittuina ilman asianmukaista oikeudenk\u00e4ynti\u00e4 ja kohdellaan vangittujen ihmisoikeuksia loukkaavalla tavalla. Erityisen l\u00e4mpim\u00e4t terveiset haluamme l\u00e4hett\u00e4\u00e4 kaikille teille alaik\u00e4isille vangituille ja teid\u00e4n perheillenne. Sulkemalla lapsia ja nuoria vankilaan Israel syvent\u00e4\u00e4 tietoisesti palestiinalaisten oikeutettua katkeruutta ja vaikeuttaa rauhan saavuttamista.<\/p>\n<p>Pyrimme Suomessa puhumaan Palestiinan tilanteen rauhanomaisten ratkaisujen puolesta ja olemme moneen kertaan vedonneet sek\u00e4 Suomen hallitukseen ett\u00e4 Israelin, EU:n ja YK:n p\u00e4\u00e4tt\u00e4jiin Palestiinan puolesta. Katsomme, ett\u00e4 pysyv\u00e4\u00e4 rauhaa ei voi tulla, ennen kuin palestiinalaisille taataan ihmisoikeudet ja oikeus vapaaseen liikkumiseen omassa maassaan.<\/p>\n<div class=\"synved-social-container synved-social-container-share\" style=\"text-align: right\"><a class=\"synved-social-button synved-social-button-share synved-social-size-32 synved-social-resolution-single synved-social-provider-facebook nolightbox\" data-provider=\"facebook\" target=\"_blank\" rel=\"nofollow\" title=\"Jaa Facebookissa\" href=\"https:\/\/www.facebook.com\/sharer.php?u=https%3A%2F%2Fakys.kapsi.fi%2Fwordpress%2Fwp-json%2Fwp%2Fv2%2Fposts%2F862&#038;t=Tervehdys%20palestiinalaisvangeille&#038;s=100&#038;p&#091;url&#093;=https%3A%2F%2Fakys.kapsi.fi%2Fwordpress%2Fwp-json%2Fwp%2Fv2%2Fposts%2F862&#038;p&#091;images&#093;&#091;0&#093;=&#038;p&#091;title&#093;=Tervehdys%20palestiinalaisvangeille\" style=\"font-size: 0px;width:32px;height:32px;margin:0;margin-bottom:5px;margin-right:5px\"><img loading=\"lazy\" decoding=\"async\" alt=\"Facebook\" title=\"Jaa Facebookissa\" class=\"synved-share-image synved-social-image synved-social-image-share\" width=\"32\" height=\"32\" style=\"display: inline;width:32px;height:32px;margin: 0;padding: 0;border: none;box-shadow: none\" src=\"https:\/\/akys.kapsi.fi\/wordpress\/wp-content\/plugins\/social-media-feather\/synved-social\/image\/social\/regular\/64x64\/facebook.png\" \/><\/a><a class=\"synved-social-button synved-social-button-share synved-social-size-32 synved-social-resolution-single synved-social-provider-twitter nolightbox\" data-provider=\"twitter\" target=\"_blank\" rel=\"nofollow\" title=\"Share on Twitter\" href=\"https:\/\/twitter.com\/intent\/tweet?url=https%3A%2F%2Fakys.kapsi.fi%2Fwordpress%2Fwp-json%2Fwp%2Fv2%2Fposts%2F862&#038;text=Hey%20check%20this%20out\" style=\"font-size: 0px;width:32px;height:32px;margin:0;margin-bottom:5px;margin-right:5px\"><img loading=\"lazy\" decoding=\"async\" alt=\"twitter\" title=\"Share on Twitter\" class=\"synved-share-image synved-social-image synved-social-image-share\" width=\"32\" height=\"32\" style=\"display: inline;width:32px;height:32px;margin: 0;padding: 0;border: none;box-shadow: none\" src=\"https:\/\/akys.kapsi.fi\/wordpress\/wp-content\/plugins\/social-media-feather\/synved-social\/image\/social\/regular\/64x64\/twitter.png\" \/><\/a><a class=\"synved-social-button synved-social-button-share synved-social-size-32 synved-social-resolution-single synved-social-provider-pinterest nolightbox\" data-provider=\"pinterest\" target=\"_blank\" rel=\"nofollow\" title=\"Pin it with Pinterest\" href=\"https:\/\/pinterest.com\/pin\/create\/button\/?url=https%3A%2F%2Fakys.kapsi.fi%2Fwordpress%2Fwp-json%2Fwp%2Fv2%2Fposts%2F862&#038;media=&#038;description=Tervehdys%20palestiinalaisvangeille\" style=\"font-size: 0px;width:32px;height:32px;margin:0;margin-bottom:5px;margin-right:5px\"><img loading=\"lazy\" decoding=\"async\" alt=\"pinterest\" title=\"Pin it with Pinterest\" class=\"synved-share-image synved-social-image synved-social-image-share\" width=\"32\" height=\"32\" style=\"display: inline;width:32px;height:32px;margin: 0;padding: 0;border: none;box-shadow: none\" src=\"https:\/\/akys.kapsi.fi\/wordpress\/wp-content\/plugins\/social-media-feather\/synved-social\/image\/social\/regular\/64x64\/pinterest.png\" \/><\/a><a class=\"synved-social-button synved-social-button-share synved-social-size-32 synved-social-resolution-single synved-social-provider-mail nolightbox\" data-provider=\"mail\" rel=\"nofollow\" title=\"Share by email\" href=\"mailto:?subject=Tervehdys%20palestiinalaisvangeille&#038;body=Hey%20check%20this%20out:%20https%3A%2F%2Fakys.kapsi.fi%2Fwordpress%2Fwp-json%2Fwp%2Fv2%2Fposts%2F862\" style=\"font-size: 0px;width:32px;height:32px;margin:0;margin-bottom:5px\"><img loading=\"lazy\" decoding=\"async\" alt=\"mail\" title=\"Share by email\" class=\"synved-share-image synved-social-image synved-social-image-share\" width=\"32\" height=\"32\" style=\"display: inline;width:32px;height:32px;margin: 0;padding: 0;border: none;box-shadow: none\" src=\"https:\/\/akys.kapsi.fi\/wordpress\/wp-content\/plugins\/social-media-feather\/synved-social\/image\/social\/regular\/64x64\/mail.png\" \/><\/a><\/div>","protected":false},"excerpt":{"rendered":"<p>Arabikansojen yst\u00e4vyysseura ja Psykologien Sosiaalinen Vastuu ovat l\u00e4hett\u00e4neet 22.10.2005 oheisen viestin Palestiinan television ohjelmaan, jossa luetaan viestej\u00e4 Israelin vankiloissa oleville palestiinalaisille vangeille ja heid\u00e4n omaisilleen. Israelin vankilaviranomaiset sallivat vankien katsoa &hellip; <\/p>\n<p class=\"link-more\"><a href=\"https:\/\/akys.kapsi.fi\/wordpress\/tervehdys-palestiinalaisvangeille\/\" class=\"more-link\">Jatka lukemista<span class=\"screen-reader-text\"> &#8221;Tervehdys palestiinalaisvangeille&#8221;<\/span><\/a><\/p>\n","protected":false},"author":4,"featured_media":0,"comment_status":"closed","ping_status":"closed","sticky":false,"template":"","format":"standard","meta":{"footnotes":""},"categories":[5],"tags":[],"class_list":["post-862","post","type-post","status-publish","format-standard","hentry","category-vetoomukset","entry"],"_links":{"self":[{"href":"https:\/\/akys.kapsi.fi\/wordpress\/wp-json\/wp\/v2\/posts\/862","targetHints":{"allow":["GET"]}}],"collection":[{"href":"https:\/\/akys.kapsi.fi\/wordpress\/wp-json\/wp\/v2\/posts"}],"about":[{"href":"https:\/\/akys.kapsi.fi\/wordpress\/wp-json\/wp\/v2\/types\/post"}],"author":[{"embeddable":true,"href":"https:\/\/akys.kapsi.fi\/wordpress\/wp-json\/wp\/v2\/users\/4"}],"replies":[{"embeddable":true,"href":"https:\/\/akys.kapsi.fi\/wordpress\/wp-json\/wp\/v2\/comments?post=862"}],"version-history":[{"count":1,"href":"https:\/\/akys.kapsi.fi\/wordpress\/wp-json\/wp\/v2\/posts\/862\/revisions"}],"predecessor-version":[{"id":863,"href":"https:\/\/akys.kapsi.fi\/wordpress\/wp-json\/wp\/v2\/posts\/862\/revisions\/863"}],"wp:attachment":[{"href":"https:\/\/akys.kapsi.fi\/wordpress\/wp-json\/wp\/v2\/media?parent=862"}],"wp:term":[{"taxonomy":"category","embeddable":true,"href":"https:\/\/akys.kapsi.fi\/wordpress\/wp-json\/wp\/v2\/categories?post=862"},{"taxonomy":"post_tag","embeddable":true,"href":"https:\/\/akys.kapsi.fi\/wordpress\/wp-json\/wp\/v2\/tags?post=862"}],"curies":[{"name":"wp","href":"https:\/\/api.w.org\/{rel}","templated":true}]}}