{"id":850,"date":"2006-09-28T13:04:17","date_gmt":"2006-09-28T13:04:17","guid":{"rendered":"http:\/\/akys.kapsi.fi\/wordpress\/?p=850"},"modified":"2023-03-06T10:43:24","modified_gmt":"2023-03-06T10:43:24","slug":"vetoomus-yleisradiolle-israelin-kutsumatta-jattamiseksi-euroviisuihin","status":"publish","type":"post","link":"https:\/\/akys.kapsi.fi\/wordpress\/vetoomus-yleisradiolle-israelin-kutsumatta-jattamiseksi-euroviisuihin\/","title":{"rendered":"Vetoomus Yleisradiolle Israelin kutsumatta j\u00e4tt\u00e4miseksi Euroviisuihin"},"content":{"rendered":"<p>Suomen Yleisradio<br \/>\nEuroopan Yleisradioliitto<\/p>\n<p>Vetoamme Suomen Yleisradioon ja Euroopan Yleisradioliittoon, ett\u00e4 Israelia ei kutsuttaisi ensi kev\u00e4\u00e4n\u00e4 Helsingiss\u00e4 pidett\u00e4viin Euroviisu-laulukilpailuihin.<\/p>\n<p><!--more-->Vuosikymmeni\u00e4 jatkuneella kansainv\u00e4lisen lain, ihmisoikeuksien ja YK:n p\u00e4\u00e4t\u00f6slauselmien rikkomisella ja noudattamatta j\u00e4tt\u00e4misell\u00e4 Israel on osoittanut, ett\u00e4 se ei katso n\u00e4iden koskevan itse\u00e4\u00e4n. Viimeksi hy\u00f6kk\u00e4yksiss\u00e4 Gazaan ja Libanoniin, miss\u00e4 kuoli ja haavoittui tuhansia sivullisia siviilej\u00e4, ja miss\u00e4 tarkoituksellisesti aikaansaadut aineelliset ja ymp\u00e4rist\u00f6tuhot ovat aiheuttaneet mittaamatonta k\u00e4rsimyst\u00e4 sadoille tuhansille, Israel on syyllistynyt sotarikoksiin ja valtioterroriin.<\/p>\n<p>Miehitt\u00e4mill\u00e4\u00e4n palestiinalaisalueilla Israel on k\u00e4yt\u00e4nn\u00f6ss\u00e4 luonut apartheidj\u00e4rjestelm\u00e4n, mink\u00e4 puitteissa palestiinalaiset on suljettu ghettoihin, heid\u00e4n liikkumistaan, mahdollisuuksia elinkeinojen harjoittamiseen ja p\u00e4\u00e4sy\u00e4 elint\u00e4rkeisiin palveluihin estet\u00e4\u00e4n, heid\u00e4n viljelmi\u00e4\u00e4n ja rakennuksiaan tuhotaan, heid\u00e4n asuintilaansa pirstotaan ja supistetaan ja heihin kohdistetaan kaikenlaista ahdistelua. Miehityksen rajoitusten seurauksena k\u00f6yhyys ja aliravitsemus palestiinalaisalueilla ovat h\u00e4lytt\u00e4v\u00e4ll\u00e4 tasolla. Israelin omat arabitaustaiset asukkaat ovat toisen luokan kansalaisia ilman tasaveroisia kansalaisoikeuksia.<\/p>\n<p>Israel pit\u00e4\u00e4 vankiloissaan tuhansia, suurelta osalta mielivaltaisesti vangittuja ja ilman oikeudenk\u00e4ynti\u00e4 j\u00e4tettyj\u00e4 palestiinalaisia, mukaan lukien satoja alaik\u00e4isi\u00e4. Kidutusta ei ole viel\u00e4k\u00e4\u00e4n t\u00e4ysin lopetettu kuulustelukeinona. Koko miehitysaikana vankiloissa olleiden palestiinalaisten m\u00e4\u00e4r\u00e4 nousee satoihin tuhansiin.<\/p>\n<p>Miehityksen ja siirtokuntien laajentamisen tavoitteena on miehitettyjen alueiden liitt\u00e4minen osaksi Israelia. Miehityksen jatkuminen on esteen\u00e4 koko alueen vakaudelle ja rauhalle. Israel on torjunut j\u00e4rjestelm\u00e4llisesti pyrkimykset YK:n p\u00e4\u00e4t\u00f6slauselmien mukaisen ratkaisuun Palestiinan kysymyksess\u00e4 vedoten milloin turvallisuustarpeisiin, milloin vastapuolen sekasortoisuuteen, mit\u00e4 se itse on saanut aikaan tuhoamis- ja likvidoimiskampanjoillaan.<\/p>\n<p>Euroviisu-laulukilpailut ovat kansojen v\u00e4linen rauhaa ja keskin\u00e4ist\u00e4 tuntemista edist\u00e4v\u00e4 tapaaminen, mihin ihmisoikeuksien ja kansainv\u00e4lisen lain rikkojien ei pit\u00e4isi kuulua. Osallistuminen Euroviisuihin tulkittaisiin Israelissa osallistujamaiden yhteis\u00f6n hyv\u00e4ksymikseksi sen sotatoimille ja miehityspolitiikalle. Yhdistyneet kansakunnat on useissa p\u00e4\u00e4t\u00f6slauselmissa kehoittanut j\u00e4senmaitaan olemaan avustamatta mill\u00e4\u00e4n tavalla Israelin kansainv\u00e4lisen lain vastaisesti perustamia siirtokuntia. Ei kuitenkaan ole mit\u00e4\u00e4n takeita siit\u00e4, ett\u00e4 Israelin edustaja laulukilpailuissa ei voisi tulla siirtokunnasta.<\/p>\n<p>Israelin kutsumatta j\u00e4tt\u00e4minen olisi sille viesti siit\u00e4, ett\u00e4 se on tervetullut t\u00e4llaiseen yhteis\u00f6\u00f6n vasta, kun se t\u00e4ytt\u00e4\u00e4 perustavanlaatuiset kansainv\u00e4liset normit. Vetoamme Suomen Yleisradioon ja Euroopan Yleisradioliittoon, ett\u00e4 ne eiv\u00e4t vet\u00e4ytyisi ep\u00e4poliittisuuden verhon taakse, vaan toteuttaisivat kilpailujen henke\u00e4 my\u00f6s k\u00e4yt\u00e4nn\u00f6ss\u00e4 ja ilmoittaisivat Israelille sen voivan tulla kilpailuihin sitten, kun se osoittaa my\u00f6ntyv\u00e4ns\u00e4 YK:n p\u00e4\u00e4t\u00f6slauselmien mukaiseen rauhanratkaisuun ja lopettaa ihmisoikeusrikkomukset.<\/p>\n<p>Arabikansojen yst\u00e4vyysseura ry<br \/>\n(28.9.2006)<\/p>\n<p>Finnish Broadcasting Company<br \/>\nEuropean Broadcasting Union<\/p>\n<p>We appeal to the Finnish Broadcasting Company and the European Broadcasting Union in order that they would exclude Israel from the Eurovision Song Contest organized in Helsinki next spring.<\/p>\n<p>By constantly breaking and ignoring the international law, human rights and UN resolutions, Israel has demonstrated that it does not feel bound by these. In its latest attacks to Gaza and Lebanon, Israel committed acts of war crimes and state terrorism, killing and wounding thousands of civilians, and causing immeasurable suffering to hundreds of thousands of people by deliberate material and environmental damage.<\/p>\n<p>In the occupied Palestinian territories, Israel has virtually created an apartheid system closing the Palestinians in ghettos, limiting their freedom of movement, their possibilities to carry on business and their access to vital services. Moreover, Israel is destroying Palestinian plantations and buildings, reducing and fragmenting their living space, and harassing them by all means. As a result of the restrictions of the occupation, poverty and malnutrition have reached alarming levels in the Palestinian territories. Israel\u2019s own citizens of Arab descent are second class citizens without equal civil rights.<\/p>\n<p>Israel holds in its prisons thousands of Palestinians, most of whom have been imprisoned arbitrarily and without trial, including hundreds of minors. Israel has not completely given up torture as a means of interrogation. The number of Palestinian prisoners held in Israeli jails during the Occupation years amounts to hundreds of thousands of people.<\/p>\n<p>The aim of the occupation and enlargement of the settlements is to annex the occupied territories to Israel. The continuation of the occupation is an obstacle to peace and stability in the whole region. Israel has systematically turned down all attempts to find a solution to the Palestinian issue in accordance with UN resolutions pleading sometimes security, sometimes the state of chaos in the Palestinian territories \u2013 the chaos being actually caused by Israel itself through its campaigns of destruction and killing.<\/p>\n<p>The Eurovision Song Contest is an event aimed at promoting peace and mutual knowledge among nations. Those who violate the international law and human rights should not be part of this event. The participation in the contest would be interpreted by Israel as an approval of her military actions and occupation policy from the part of the community of participating countries. The United Nations has in several resolutions urged its member countries not to assist by any means the settlements which Israel has built contrary to international law. There is, however, no guarantee that the Israeli representative to the contest could not be a resident of such a settlement.<\/p>\n<p>Not inviting Israel to the song contest would convey a message to Israel that it is welcome to be part of the international community only when it meets the fundamental international norms. We appeal to the Finnish Broadcasting Corporation and the European Broadcasting Union not to hide behind the veil of being non-political but to put in practice the spirit of the Eurovision Song Contest and let Israel know that it may participate in the contest when it proves to be willing to consent to a peaceful solution accordant with UN resolutions, and to stop violating human rights.<\/p>\n<p>28.9.2006<\/p>\n<p>Finnish-Arab Friendship Society<\/p>\n<div class=\"synved-social-container synved-social-container-share\" style=\"text-align: right\"><a class=\"synved-social-button synved-social-button-share synved-social-size-32 synved-social-resolution-single synved-social-provider-facebook nolightbox\" data-provider=\"facebook\" target=\"_blank\" rel=\"nofollow\" title=\"Jaa Facebookissa\" href=\"https:\/\/www.facebook.com\/sharer.php?u=https%3A%2F%2Fakys.kapsi.fi%2Fwordpress%2Fwp-json%2Fwp%2Fv2%2Fposts%2F850&#038;t=Vetoomus%20Yleisradiolle%20Israelin%20kutsumatta%20j%C3%A4tt%C3%A4miseksi%20Euroviisuihin&#038;s=100&#038;p&#091;url&#093;=https%3A%2F%2Fakys.kapsi.fi%2Fwordpress%2Fwp-json%2Fwp%2Fv2%2Fposts%2F850&#038;p&#091;images&#093;&#091;0&#093;=&#038;p&#091;title&#093;=Vetoomus%20Yleisradiolle%20Israelin%20kutsumatta%20j%C3%A4tt%C3%A4miseksi%20Euroviisuihin\" style=\"font-size: 0px;width:32px;height:32px;margin:0;margin-bottom:5px;margin-right:5px\"><img loading=\"lazy\" decoding=\"async\" alt=\"Facebook\" title=\"Jaa Facebookissa\" class=\"synved-share-image synved-social-image synved-social-image-share\" width=\"32\" height=\"32\" style=\"display: inline;width:32px;height:32px;margin: 0;padding: 0;border: none;box-shadow: none\" src=\"https:\/\/akys.kapsi.fi\/wordpress\/wp-content\/plugins\/social-media-feather\/synved-social\/image\/social\/regular\/64x64\/facebook.png\" \/><\/a><a class=\"synved-social-button synved-social-button-share synved-social-size-32 synved-social-resolution-single synved-social-provider-twitter nolightbox\" data-provider=\"twitter\" target=\"_blank\" rel=\"nofollow\" title=\"Share on Twitter\" href=\"https:\/\/twitter.com\/intent\/tweet?url=https%3A%2F%2Fakys.kapsi.fi%2Fwordpress%2Fwp-json%2Fwp%2Fv2%2Fposts%2F850&#038;text=Hey%20check%20this%20out\" style=\"font-size: 0px;width:32px;height:32px;margin:0;margin-bottom:5px;margin-right:5px\"><img loading=\"lazy\" decoding=\"async\" alt=\"twitter\" title=\"Share on Twitter\" class=\"synved-share-image synved-social-image synved-social-image-share\" width=\"32\" height=\"32\" style=\"display: inline;width:32px;height:32px;margin: 0;padding: 0;border: none;box-shadow: none\" src=\"https:\/\/akys.kapsi.fi\/wordpress\/wp-content\/plugins\/social-media-feather\/synved-social\/image\/social\/regular\/64x64\/twitter.png\" \/><\/a><a class=\"synved-social-button synved-social-button-share synved-social-size-32 synved-social-resolution-single synved-social-provider-pinterest nolightbox\" data-provider=\"pinterest\" target=\"_blank\" rel=\"nofollow\" title=\"Pin it with Pinterest\" href=\"https:\/\/pinterest.com\/pin\/create\/button\/?url=https%3A%2F%2Fakys.kapsi.fi%2Fwordpress%2Fwp-json%2Fwp%2Fv2%2Fposts%2F850&#038;media=&#038;description=Vetoomus%20Yleisradiolle%20Israelin%20kutsumatta%20j%C3%A4tt%C3%A4miseksi%20Euroviisuihin\" style=\"font-size: 0px;width:32px;height:32px;margin:0;margin-bottom:5px;margin-right:5px\"><img loading=\"lazy\" decoding=\"async\" alt=\"pinterest\" title=\"Pin it with Pinterest\" class=\"synved-share-image synved-social-image synved-social-image-share\" width=\"32\" height=\"32\" style=\"display: inline;width:32px;height:32px;margin: 0;padding: 0;border: none;box-shadow: none\" src=\"https:\/\/akys.kapsi.fi\/wordpress\/wp-content\/plugins\/social-media-feather\/synved-social\/image\/social\/regular\/64x64\/pinterest.png\" \/><\/a><a class=\"synved-social-button synved-social-button-share synved-social-size-32 synved-social-resolution-single synved-social-provider-mail nolightbox\" data-provider=\"mail\" rel=\"nofollow\" title=\"Share by email\" href=\"mailto:?subject=Vetoomus%20Yleisradiolle%20Israelin%20kutsumatta%20j%C3%A4tt%C3%A4miseksi%20Euroviisuihin&#038;body=Hey%20check%20this%20out:%20https%3A%2F%2Fakys.kapsi.fi%2Fwordpress%2Fwp-json%2Fwp%2Fv2%2Fposts%2F850\" style=\"font-size: 0px;width:32px;height:32px;margin:0;margin-bottom:5px\"><img loading=\"lazy\" decoding=\"async\" alt=\"mail\" title=\"Share by email\" class=\"synved-share-image synved-social-image synved-social-image-share\" width=\"32\" height=\"32\" style=\"display: inline;width:32px;height:32px;margin: 0;padding: 0;border: none;box-shadow: none\" src=\"https:\/\/akys.kapsi.fi\/wordpress\/wp-content\/plugins\/social-media-feather\/synved-social\/image\/social\/regular\/64x64\/mail.png\" \/><\/a><\/div>","protected":false},"excerpt":{"rendered":"<p>Suomen Yleisradio Euroopan Yleisradioliitto Vetoamme Suomen Yleisradioon ja Euroopan Yleisradioliittoon, ett\u00e4 Israelia ei kutsuttaisi ensi kev\u00e4\u00e4n\u00e4 Helsingiss\u00e4 pidett\u00e4viin Euroviisu-laulukilpailuihin.<\/p>\n","protected":false},"author":4,"featured_media":0,"comment_status":"closed","ping_status":"closed","sticky":false,"template":"","format":"standard","meta":{"footnotes":""},"categories":[5],"tags":[],"class_list":["post-850","post","type-post","status-publish","format-standard","hentry","category-vetoomukset","entry"],"_links":{"self":[{"href":"https:\/\/akys.kapsi.fi\/wordpress\/wp-json\/wp\/v2\/posts\/850","targetHints":{"allow":["GET"]}}],"collection":[{"href":"https:\/\/akys.kapsi.fi\/wordpress\/wp-json\/wp\/v2\/posts"}],"about":[{"href":"https:\/\/akys.kapsi.fi\/wordpress\/wp-json\/wp\/v2\/types\/post"}],"author":[{"embeddable":true,"href":"https:\/\/akys.kapsi.fi\/wordpress\/wp-json\/wp\/v2\/users\/4"}],"replies":[{"embeddable":true,"href":"https:\/\/akys.kapsi.fi\/wordpress\/wp-json\/wp\/v2\/comments?post=850"}],"version-history":[{"count":1,"href":"https:\/\/akys.kapsi.fi\/wordpress\/wp-json\/wp\/v2\/posts\/850\/revisions"}],"predecessor-version":[{"id":851,"href":"https:\/\/akys.kapsi.fi\/wordpress\/wp-json\/wp\/v2\/posts\/850\/revisions\/851"}],"wp:attachment":[{"href":"https:\/\/akys.kapsi.fi\/wordpress\/wp-json\/wp\/v2\/media?parent=850"}],"wp:term":[{"taxonomy":"category","embeddable":true,"href":"https:\/\/akys.kapsi.fi\/wordpress\/wp-json\/wp\/v2\/categories?post=850"},{"taxonomy":"post_tag","embeddable":true,"href":"https:\/\/akys.kapsi.fi\/wordpress\/wp-json\/wp\/v2\/tags?post=850"}],"curies":[{"name":"wp","href":"https:\/\/api.w.org\/{rel}","templated":true}]}}