{"id":846,"date":"2006-12-17T12:59:56","date_gmt":"2006-12-17T12:59:56","guid":{"rendered":"http:\/\/akys.kapsi.fi\/wordpress\/?p=846"},"modified":"2023-03-06T10:43:40","modified_gmt":"2023-03-06T10:43:40","slug":"vetoomus-miehitettyjen-alueiden-ulkopalestiinalaisten-asumisoikeuden-puolesta","status":"publish","type":"post","link":"https:\/\/akys.kapsi.fi\/wordpress\/vetoomus-miehitettyjen-alueiden-ulkopalestiinalaisten-asumisoikeuden-puolesta\/","title":{"rendered":"Vetoomus miehitettyjen alueiden ulkopalestiinalaisten asumisoikeuden puolesta"},"content":{"rendered":"<p>P\u00e4\u00e4ministeri Matti Vanhanen<br \/>\nUlkoministeri Erkki Tuomioja<\/p>\n<p>Pyyd\u00e4mme saada kiinnitt\u00e4\u00e4 huomiotanne Israelin hallituksen uuteen tiukennettuun politiikkaan sellaisia miehitetyill\u00e4 alueilla asuvia palestiinalaista alkuper\u00e4\u00e4 olevia ihmisi\u00e4 kohtaan, joilla on ulkomaan passi. Palestiinalaisalueilla ty\u00f6skentelee ja asuu perheidens\u00e4 kanssa arvioiden mukaan yli 120 000 t\u00e4llaista ihmist\u00e4, jotka vuosikausia ovat el\u00e4neet ep\u00e4varmuudessa saamatta pysyv\u00e4\u00e4 asumislupaa. Heid\u00e4n ainoa mahdollisuutensa pysy\u00e4 alueella on ollut k\u00e4yd\u00e4 s\u00e4\u00e4nn\u00f6llisesti ulkomailla uudistamassa turistiviisumi tai piilotella karkotusuhan alla.<!--more--><\/p>\n<p>Nyt Israelin hallitus on lakannut my\u00f6nt\u00e4m\u00e4st\u00e4 saapumislupaa kenellek\u00e4\u00e4n ulkomaan passilla maahan tulevalle ja pakottaa maassa olevia poistumaan. Monet n\u00e4ist\u00e4 ihmisist\u00e4 ovat korkeasti koulutettuja ja ty\u00f6skentelev\u00e4t opettajina, l\u00e4\u00e4k\u00e4rein\u00e4, sosiaality\u00f6ntekij\u00f6in\u00e4 ja muina ammattilaisina alueen asukkaiden kannalta elint\u00e4rkeill\u00e4 aloilla, joiden toiminta joutuu entist\u00e4 suurempiin vaikeuksiin heid\u00e4n jouduttuaan l\u00e4htem\u00e4\u00e4n. My\u00f6s heid\u00e4n perheens\u00e4 j\u00e4\u00e4v\u00e4t ilman el\u00e4tt\u00e4j\u00e4\u00e4 ja joutuvat my\u00f6s l\u00e4htem\u00e4\u00e4n, jos aikovat olla yhdess\u00e4.<\/p>\n<p>T\u00e4m\u00e4 politiikka on karkeassa ristiriidassa Israelin poliittisen johdon puheissa esiintuotujen rauhanpyrkimysten ja itsen\u00e4isen palestiinalaisvaltion tavoitteen kanssa. Se voimistaa entisest\u00e4\u00e4n Israelin harjoittamaa L\u00e4nsirannan palestiinalaisten elin- ja liikkumismahdollisuuksien rajoittamispolitiikkaa, jonka tuloksena muun muassa Jordan-joen laakso on jo kokonaan eristetty muista palestiinalaisalueista siirtokuntien k\u00e4ytt\u00f6\u00f6n.<\/p>\n<p>Vetoamme Suomen valtiojohtoon, ett\u00e4 se esitt\u00e4isi Israelille vastalauseensa sen harjoittaman v\u00e4est\u00f6politiikan johdosta ja vaatisi sit\u00e4 olemaan toimimatta tavalla, joka huonontaa palestiinalaisv\u00e4est\u00f6n oloja ja rauhanpyrkimysten edellytyksi\u00e4.<\/p>\n<p>Lis\u00e4\u00e4 tietoa asiasta saa muun muassa israelilaisen Asumisoikeuskomitean web-osoitteesta http:\/\/www.RightToEnter.ps<br \/>\nHelsingiss\u00e4, 17.12.2006<\/p>\n<p>Arabikansojen yst\u00e4vyysseura ry<\/p>\n<p>Ilona Junka, puheenjohtaja<br \/>\n<em>Samansis\u00e4lt\u00f6inen vetoomus on l\u00e4hetetty my\u00f6s EU:n seuraavan puheenjohtajamaan Saksan liittokanslerille ja ulkoministerille.<\/em><\/p>\n<div class=\"synved-social-container synved-social-container-share\" style=\"text-align: right\"><a class=\"synved-social-button synved-social-button-share synved-social-size-32 synved-social-resolution-single synved-social-provider-facebook nolightbox\" data-provider=\"facebook\" target=\"_blank\" rel=\"nofollow\" title=\"Jaa Facebookissa\" href=\"https:\/\/www.facebook.com\/sharer.php?u=https%3A%2F%2Fakys.kapsi.fi%2Fwordpress%2Fwp-json%2Fwp%2Fv2%2Fposts%2F846&#038;t=Vetoomus%20miehitettyjen%20alueiden%20ulkopalestiinalaisten%20asumisoikeuden%20puolesta&#038;s=100&#038;p&#091;url&#093;=https%3A%2F%2Fakys.kapsi.fi%2Fwordpress%2Fwp-json%2Fwp%2Fv2%2Fposts%2F846&#038;p&#091;images&#093;&#091;0&#093;=&#038;p&#091;title&#093;=Vetoomus%20miehitettyjen%20alueiden%20ulkopalestiinalaisten%20asumisoikeuden%20puolesta\" style=\"font-size: 0px;width:32px;height:32px;margin:0;margin-bottom:5px;margin-right:5px\"><img loading=\"lazy\" decoding=\"async\" alt=\"Facebook\" title=\"Jaa Facebookissa\" class=\"synved-share-image synved-social-image synved-social-image-share\" width=\"32\" height=\"32\" style=\"display: inline;width:32px;height:32px;margin: 0;padding: 0;border: none;box-shadow: none\" src=\"https:\/\/akys.kapsi.fi\/wordpress\/wp-content\/plugins\/social-media-feather\/synved-social\/image\/social\/regular\/64x64\/facebook.png\" \/><\/a><a class=\"synved-social-button synved-social-button-share synved-social-size-32 synved-social-resolution-single synved-social-provider-twitter nolightbox\" data-provider=\"twitter\" target=\"_blank\" rel=\"nofollow\" title=\"Share on Twitter\" href=\"https:\/\/twitter.com\/intent\/tweet?url=https%3A%2F%2Fakys.kapsi.fi%2Fwordpress%2Fwp-json%2Fwp%2Fv2%2Fposts%2F846&#038;text=Hey%20check%20this%20out\" style=\"font-size: 0px;width:32px;height:32px;margin:0;margin-bottom:5px;margin-right:5px\"><img loading=\"lazy\" decoding=\"async\" alt=\"twitter\" title=\"Share on Twitter\" class=\"synved-share-image synved-social-image synved-social-image-share\" width=\"32\" height=\"32\" style=\"display: inline;width:32px;height:32px;margin: 0;padding: 0;border: none;box-shadow: none\" src=\"https:\/\/akys.kapsi.fi\/wordpress\/wp-content\/plugins\/social-media-feather\/synved-social\/image\/social\/regular\/64x64\/twitter.png\" \/><\/a><a class=\"synved-social-button synved-social-button-share synved-social-size-32 synved-social-resolution-single synved-social-provider-pinterest nolightbox\" data-provider=\"pinterest\" target=\"_blank\" rel=\"nofollow\" title=\"Pin it with Pinterest\" href=\"https:\/\/pinterest.com\/pin\/create\/button\/?url=https%3A%2F%2Fakys.kapsi.fi%2Fwordpress%2Fwp-json%2Fwp%2Fv2%2Fposts%2F846&#038;media=&#038;description=Vetoomus%20miehitettyjen%20alueiden%20ulkopalestiinalaisten%20asumisoikeuden%20puolesta\" style=\"font-size: 0px;width:32px;height:32px;margin:0;margin-bottom:5px;margin-right:5px\"><img loading=\"lazy\" decoding=\"async\" alt=\"pinterest\" title=\"Pin it with Pinterest\" class=\"synved-share-image synved-social-image synved-social-image-share\" width=\"32\" height=\"32\" style=\"display: inline;width:32px;height:32px;margin: 0;padding: 0;border: none;box-shadow: none\" src=\"https:\/\/akys.kapsi.fi\/wordpress\/wp-content\/plugins\/social-media-feather\/synved-social\/image\/social\/regular\/64x64\/pinterest.png\" \/><\/a><a class=\"synved-social-button synved-social-button-share synved-social-size-32 synved-social-resolution-single synved-social-provider-mail nolightbox\" data-provider=\"mail\" rel=\"nofollow\" title=\"Share by email\" href=\"mailto:?subject=Vetoomus%20miehitettyjen%20alueiden%20ulkopalestiinalaisten%20asumisoikeuden%20puolesta&#038;body=Hey%20check%20this%20out:%20https%3A%2F%2Fakys.kapsi.fi%2Fwordpress%2Fwp-json%2Fwp%2Fv2%2Fposts%2F846\" style=\"font-size: 0px;width:32px;height:32px;margin:0;margin-bottom:5px\"><img loading=\"lazy\" decoding=\"async\" alt=\"mail\" title=\"Share by email\" class=\"synved-share-image synved-social-image synved-social-image-share\" width=\"32\" height=\"32\" style=\"display: inline;width:32px;height:32px;margin: 0;padding: 0;border: none;box-shadow: none\" src=\"https:\/\/akys.kapsi.fi\/wordpress\/wp-content\/plugins\/social-media-feather\/synved-social\/image\/social\/regular\/64x64\/mail.png\" \/><\/a><\/div>","protected":false},"excerpt":{"rendered":"<p>P\u00e4\u00e4ministeri Matti Vanhanen Ulkoministeri Erkki Tuomioja Pyyd\u00e4mme saada kiinnitt\u00e4\u00e4 huomiotanne Israelin hallituksen uuteen tiukennettuun politiikkaan sellaisia miehitetyill\u00e4 alueilla asuvia palestiinalaista alkuper\u00e4\u00e4 olevia ihmisi\u00e4 kohtaan, joilla on ulkomaan passi. Palestiinalaisalueilla ty\u00f6skentelee &hellip; <\/p>\n<p class=\"link-more\"><a href=\"https:\/\/akys.kapsi.fi\/wordpress\/vetoomus-miehitettyjen-alueiden-ulkopalestiinalaisten-asumisoikeuden-puolesta\/\" class=\"more-link\">Jatka lukemista<span class=\"screen-reader-text\"> &#8221;Vetoomus miehitettyjen alueiden ulkopalestiinalaisten asumisoikeuden puolesta&#8221;<\/span><\/a><\/p>\n","protected":false},"author":4,"featured_media":0,"comment_status":"closed","ping_status":"closed","sticky":false,"template":"","format":"standard","meta":{"footnotes":""},"categories":[5],"tags":[],"class_list":["post-846","post","type-post","status-publish","format-standard","hentry","category-vetoomukset","entry"],"_links":{"self":[{"href":"https:\/\/akys.kapsi.fi\/wordpress\/wp-json\/wp\/v2\/posts\/846","targetHints":{"allow":["GET"]}}],"collection":[{"href":"https:\/\/akys.kapsi.fi\/wordpress\/wp-json\/wp\/v2\/posts"}],"about":[{"href":"https:\/\/akys.kapsi.fi\/wordpress\/wp-json\/wp\/v2\/types\/post"}],"author":[{"embeddable":true,"href":"https:\/\/akys.kapsi.fi\/wordpress\/wp-json\/wp\/v2\/users\/4"}],"replies":[{"embeddable":true,"href":"https:\/\/akys.kapsi.fi\/wordpress\/wp-json\/wp\/v2\/comments?post=846"}],"version-history":[{"count":1,"href":"https:\/\/akys.kapsi.fi\/wordpress\/wp-json\/wp\/v2\/posts\/846\/revisions"}],"predecessor-version":[{"id":847,"href":"https:\/\/akys.kapsi.fi\/wordpress\/wp-json\/wp\/v2\/posts\/846\/revisions\/847"}],"wp:attachment":[{"href":"https:\/\/akys.kapsi.fi\/wordpress\/wp-json\/wp\/v2\/media?parent=846"}],"wp:term":[{"taxonomy":"category","embeddable":true,"href":"https:\/\/akys.kapsi.fi\/wordpress\/wp-json\/wp\/v2\/categories?post=846"},{"taxonomy":"post_tag","embeddable":true,"href":"https:\/\/akys.kapsi.fi\/wordpress\/wp-json\/wp\/v2\/tags?post=846"}],"curies":[{"name":"wp","href":"https:\/\/api.w.org\/{rel}","templated":true}]}}