{"id":837,"date":"2008-12-15T12:49:13","date_gmt":"2008-12-15T12:49:13","guid":{"rendered":"http:\/\/akys.kapsi.fi\/wordpress\/?p=837"},"modified":"2023-03-06T10:44:15","modified_gmt":"2023-03-06T10:44:15","slug":"vetoomus-sitovien-velvoitteiden-sisallyttamiseksi-eun-ja-israelin-assosiaatiosopimukseen","status":"publish","type":"post","link":"https:\/\/akys.kapsi.fi\/wordpress\/vetoomus-sitovien-velvoitteiden-sisallyttamiseksi-eun-ja-israelin-assosiaatiosopimukseen\/","title":{"rendered":"Vetoomus sitovien velvoitteiden sis\u00e4llytt\u00e4miseksi EU:n ja Israelin assosiaatiosopimukseen"},"content":{"rendered":"<p><em>Arabiakansojen yst\u00e4vyysseura on toimittanut joulukuussa 2008 alla olevan vetoomuksen p\u00e4\u00e4ministeri Matti Vanhaselle, ulkoministeri Alexander Stubbille ja ulkomaankauppa- ja kehitysministeri Paavo V\u00e4yryselle sek\u00e4 suomalaisille Euroopan parlamentin j\u00e4senille.<\/em><!--more--><br \/>\nEuroopan Unionin ja Israelin v\u00e4liset suhteet pohjautuvat vuonna 2000 voimaan tulleeseen EU:n ja Israelin assosiaatiosopimukseen (EU- Israel Association Agreement). Vuonna 2004 hyv\u00e4ksytyss\u00e4 toimintasuunnitelmassa (EU\/Israel Action Plan) on esitetty konkreettisia toimia osapuolten v\u00e4lisen taloudellisen ja poliittisen vuorovaikutuksen ja yhteisty\u00f6n kehitt\u00e4miseksi. Nyt EU:n komissiossa ulkoasiain komissaari Benita Ferrero-Waldnerin johdolla ollaan valmistelemassa uutta toimintasuunnitelmaa, joka laajentaisi EU:n ja Israelin yhteisty\u00f6t\u00e4 monilla aloilla ja jota on tarkoitus k\u00e4sitell\u00e4 Euroopan neuvostossa vuoden 2009 tammikuussa.<\/p>\n<p>Assosiaatiosopimuksen 2. artiklan mukaan osapuolten v\u00e4listen suhteiden tulee perustua ihmisoikeuksien ja demokratian periaatteiden kunnioitukselle. 4. artiklan mukaan yhteisty\u00f6n tulee erityisesti edist\u00e4\u00e4 rauhaa, turvallisuutta ja demokratiaa. Toimintasuunnitelmassa todetaan, ett\u00e4 osapuolten suhteiden tavoitetaso riippuu muun muassa yhteisiin arvoihin sitoutumisen asteesta.<\/p>\n<p>Useat kansalais- ja muut j\u00e4rjest\u00f6t, kirkot, poliitikot ja yksityiset kansalaiset eri puolella Eurooppaa ovat tuominneet Israelin miehityspolitiikan ja sen harjoittaman v\u00e4kivallan ja kollektiiviset rangaistukset assosiaatiosopimuksen periaatteiden vastaisina ja vaatineet sopimuksen j\u00e4\u00e4dytt\u00e4mist\u00e4, kunnes Israel osoittaa kunnioittavansa kansainv\u00e4list\u00e4 lakia ja ihmisoikeuksia.<\/p>\n<p>Pyyd\u00e4mme teit\u00e4 kiinnitt\u00e4m\u00e4\u00e4n huomiota siihen, ett\u00e4 nykyisess\u00e4 toimintasuunnitelmassa ei ole esitetty Israelille mit\u00e4\u00e4n konkreettisia vaatimuksia kansainv\u00e4lisen lain ja ihmisoikeuksien rikkomisen lopettamiseksi eik\u00e4 edes sen omien nykyisen niin sanotun rauhanprosessin edellytt\u00e4mien velvoitteiden t\u00e4ytt\u00e4miseksi. Pyyd\u00e4mme teit\u00e4 l\u00e4hestym\u00e4\u00e4n komissiota ja komissaari Ferrero-Waldneria ja vaikuttamaan siihen, ett\u00e4 valmisteltavana olevan sopimukseen tulisi kansainv\u00e4lisen lain, ihmisoikeuksien ja rauhanprosessin mukaisia sitoumuksia.<\/p>\n<p>N\u00e4iden sitoumusten tulisi perustua kansainv\u00e4liseen lakiin ja YK:n yleiskokousten tekemiin, EU:n j\u00e4senmaiden kannattamiin Palestiinan kysymyst\u00e4 koskeviin p\u00e4\u00e4t\u00f6ksiin, joissa kiellet\u00e4\u00e4n laittomien siirtokuntien rakentaminen, vaaditaan palestiinalaisvaltion perustamista vuoden 1967 rajojen mukaisesti ja palestiinalaispakolaisten paluuoikeuden tunnustamista. Lis\u00e4ksi Israelin tulisi allekirjoittaa nelj\u00e4nnen Genevan konvention lis\u00e4protokollat, jotka velvoittavat aseellisten konfliktien osapuolia suojelemaan siviiliv\u00e4est\u00f6\u00e4 ja kielt\u00e4v\u00e4t kollektiiviset rangaistukset. Israelin tulee kunnioittaa Haagin kansainv\u00e4lisen tuomioistuimen lausuntoa, jonka mukaan syv\u00e4lle palestiinalaisalueille tunkeutuva ja palestiinalaisten elinmahdollisuuksia tuhoava eristysmuuri on laiton ja ohjattava se kulkemaan laillisten rajojen mukaisesti. Laittomat siirtokunnat on purettava ja Gazan saarto, joka on johtanut katastrofaaliseen humanitaariseen tilanteeseen ja syvent\u00e4nyt konfliktia, tulee lopettaa v\u00e4litt\u00f6m\u00e4sti. Sopimuksessa tulee olla suojaklausuulit, jotka est\u00e4v\u00e4t Israelia k\u00e4ytt\u00e4m\u00e4st\u00e4 sopimuksen antamia etuja siirtokuntien hyv\u00e4ksi.<\/p>\n<p>Mik\u00e4li Israel ei suostu t\u00e4llaisten sitoumusten esitt\u00e4miseen sopimuksessa eik\u00e4 sitoudu niiden t\u00e4ytt\u00e4miseen, sopimuksen uusiminen pit\u00e4\u00e4 hyl\u00e4t\u00e4 kokonaan.<\/p>\n<p>Sopimuksessa sovitun EU:n ja Israelin v\u00e4lisen ihmisoikeusalikomitean perustaminen ei mitenk\u00e4\u00e4n voi korvata itse sopimuksessa ilmaistuja sitoumuksia, joille komitean toiminnan tulisi perustua. My\u00f6nt\u00e4m\u00e4ll\u00e4 Israelille lis\u00e4\u00e4 yhteistoimintaetuja ilman sitovia ehtoja Euroopan unioni heikent\u00e4\u00e4 yleismaailmallista ihmisoikeuksien julistusta sallimalla yhden maan poiketa sen velvoitteista. Useiden muiden Euroopan naapuruuspolitiikan piiriin kuuluvien It\u00e4-Euroopan ja L\u00e4hi-id\u00e4n maiden kanssa solmittuihin sopimuksiin kuuluu laajoja toimia, joita maiden on teht\u00e4v\u00e4 demokratian, laillisuuden, ihmisoikeuksien ja ihmisten perusoikeuksien parantamiseksi. J\u00e4tt\u00e4m\u00e4ll\u00e4 Israel poikkeukseksi putoaa my\u00f6s n\u00e4ilt\u00e4 vaatimuksilta pohja.<\/p>\n<p>Realistinen rauhanprosessi ei ole mahdollinen ilman kummankin osapuolen oikeuksien kunnioittamista. Palestiinalaisten aseman parantaminen ja liike heid\u00e4n kansallisten tavoitteidensa suuntaan edist\u00e4isi rauhanprosessia my\u00f6s heid\u00e4n puolellaan v\u00e4hent\u00e4m\u00e4ll\u00e4 radikaalien voimien vetovoimaa. My\u00f6nt\u00e4m\u00e4ll\u00e4 Israelille lis\u00e4\u00e4 etuja ilman sitoutumista t\u00e4llaisiin tavoitteisiin EU mahdollistaa n\u00e4k\u00f6alattoman alistamisen, tuhoamisen ja v\u00e4kivallan politiikan jatkumisen ja osoittaa kyvytt\u00f6myytens\u00e4 kohdella osapuolia tasapuolisesti. N\u00e4in jatkuu olotila, jossa Nobelin rauhanpalkinnon saaneen presidentti Martti Ahtisaaren sanoin vain ollaan tekenevin\u00e4\u00e4n jotakin tilanteen auttamiseksi, ja konflikti L\u00e4hi-id\u00e4ss\u00e4 jatkuu ja syvenee est\u00e4en alueen taloudellisen ja sosiaalisen kehittymisen, mik\u00e4 tulee heijastumaan tuhoisasti koko maailmaan.<\/p>\n<div class=\"synved-social-container synved-social-container-share\" style=\"text-align: right\"><a class=\"synved-social-button synved-social-button-share synved-social-size-32 synved-social-resolution-single synved-social-provider-facebook nolightbox\" data-provider=\"facebook\" target=\"_blank\" rel=\"nofollow\" title=\"Jaa Facebookissa\" href=\"https:\/\/www.facebook.com\/sharer.php?u=https%3A%2F%2Fakys.kapsi.fi%2Fwordpress%2Fwp-json%2Fwp%2Fv2%2Fposts%2F837&#038;t=Vetoomus%20sitovien%20velvoitteiden%20sis%C3%A4llytt%C3%A4miseksi%20EU%3An%20ja%20Israelin%20assosiaatiosopimukseen&#038;s=100&#038;p&#091;url&#093;=https%3A%2F%2Fakys.kapsi.fi%2Fwordpress%2Fwp-json%2Fwp%2Fv2%2Fposts%2F837&#038;p&#091;images&#093;&#091;0&#093;=&#038;p&#091;title&#093;=Vetoomus%20sitovien%20velvoitteiden%20sis%C3%A4llytt%C3%A4miseksi%20EU%3An%20ja%20Israelin%20assosiaatiosopimukseen\" style=\"font-size: 0px;width:32px;height:32px;margin:0;margin-bottom:5px;margin-right:5px\"><img loading=\"lazy\" decoding=\"async\" alt=\"Facebook\" title=\"Jaa Facebookissa\" class=\"synved-share-image synved-social-image synved-social-image-share\" width=\"32\" height=\"32\" style=\"display: inline;width:32px;height:32px;margin: 0;padding: 0;border: none;box-shadow: none\" src=\"https:\/\/akys.kapsi.fi\/wordpress\/wp-content\/plugins\/social-media-feather\/synved-social\/image\/social\/regular\/64x64\/facebook.png\" \/><\/a><a class=\"synved-social-button synved-social-button-share synved-social-size-32 synved-social-resolution-single synved-social-provider-twitter nolightbox\" data-provider=\"twitter\" target=\"_blank\" rel=\"nofollow\" title=\"Share on Twitter\" href=\"https:\/\/twitter.com\/intent\/tweet?url=https%3A%2F%2Fakys.kapsi.fi%2Fwordpress%2Fwp-json%2Fwp%2Fv2%2Fposts%2F837&#038;text=Hey%20check%20this%20out\" style=\"font-size: 0px;width:32px;height:32px;margin:0;margin-bottom:5px;margin-right:5px\"><img loading=\"lazy\" decoding=\"async\" alt=\"twitter\" title=\"Share on Twitter\" class=\"synved-share-image synved-social-image synved-social-image-share\" width=\"32\" height=\"32\" style=\"display: inline;width:32px;height:32px;margin: 0;padding: 0;border: none;box-shadow: none\" src=\"https:\/\/akys.kapsi.fi\/wordpress\/wp-content\/plugins\/social-media-feather\/synved-social\/image\/social\/regular\/64x64\/twitter.png\" \/><\/a><a class=\"synved-social-button synved-social-button-share synved-social-size-32 synved-social-resolution-single synved-social-provider-pinterest nolightbox\" data-provider=\"pinterest\" target=\"_blank\" rel=\"nofollow\" title=\"Pin it with Pinterest\" href=\"https:\/\/pinterest.com\/pin\/create\/button\/?url=https%3A%2F%2Fakys.kapsi.fi%2Fwordpress%2Fwp-json%2Fwp%2Fv2%2Fposts%2F837&#038;media=&#038;description=Vetoomus%20sitovien%20velvoitteiden%20sis%C3%A4llytt%C3%A4miseksi%20EU%3An%20ja%20Israelin%20assosiaatiosopimukseen\" style=\"font-size: 0px;width:32px;height:32px;margin:0;margin-bottom:5px;margin-right:5px\"><img loading=\"lazy\" decoding=\"async\" alt=\"pinterest\" title=\"Pin it with Pinterest\" class=\"synved-share-image synved-social-image synved-social-image-share\" width=\"32\" height=\"32\" style=\"display: inline;width:32px;height:32px;margin: 0;padding: 0;border: none;box-shadow: none\" src=\"https:\/\/akys.kapsi.fi\/wordpress\/wp-content\/plugins\/social-media-feather\/synved-social\/image\/social\/regular\/64x64\/pinterest.png\" \/><\/a><a class=\"synved-social-button synved-social-button-share synved-social-size-32 synved-social-resolution-single synved-social-provider-mail nolightbox\" data-provider=\"mail\" rel=\"nofollow\" title=\"Share by email\" href=\"mailto:?subject=Vetoomus%20sitovien%20velvoitteiden%20sis%C3%A4llytt%C3%A4miseksi%20EU%3An%20ja%20Israelin%20assosiaatiosopimukseen&#038;body=Hey%20check%20this%20out:%20https%3A%2F%2Fakys.kapsi.fi%2Fwordpress%2Fwp-json%2Fwp%2Fv2%2Fposts%2F837\" style=\"font-size: 0px;width:32px;height:32px;margin:0;margin-bottom:5px\"><img loading=\"lazy\" decoding=\"async\" alt=\"mail\" title=\"Share by email\" class=\"synved-share-image synved-social-image synved-social-image-share\" width=\"32\" height=\"32\" style=\"display: inline;width:32px;height:32px;margin: 0;padding: 0;border: none;box-shadow: none\" src=\"https:\/\/akys.kapsi.fi\/wordpress\/wp-content\/plugins\/social-media-feather\/synved-social\/image\/social\/regular\/64x64\/mail.png\" \/><\/a><\/div>","protected":false},"excerpt":{"rendered":"<p>Arabiakansojen yst\u00e4vyysseura on toimittanut joulukuussa 2008 alla olevan vetoomuksen p\u00e4\u00e4ministeri Matti Vanhaselle, ulkoministeri Alexander Stubbille ja ulkomaankauppa- ja kehitysministeri Paavo V\u00e4yryselle sek\u00e4 suomalaisille Euroopan parlamentin j\u00e4senille.<\/p>\n","protected":false},"author":4,"featured_media":0,"comment_status":"closed","ping_status":"closed","sticky":false,"template":"","format":"standard","meta":{"footnotes":""},"categories":[5],"tags":[],"class_list":["post-837","post","type-post","status-publish","format-standard","hentry","category-vetoomukset","entry"],"_links":{"self":[{"href":"https:\/\/akys.kapsi.fi\/wordpress\/wp-json\/wp\/v2\/posts\/837","targetHints":{"allow":["GET"]}}],"collection":[{"href":"https:\/\/akys.kapsi.fi\/wordpress\/wp-json\/wp\/v2\/posts"}],"about":[{"href":"https:\/\/akys.kapsi.fi\/wordpress\/wp-json\/wp\/v2\/types\/post"}],"author":[{"embeddable":true,"href":"https:\/\/akys.kapsi.fi\/wordpress\/wp-json\/wp\/v2\/users\/4"}],"replies":[{"embeddable":true,"href":"https:\/\/akys.kapsi.fi\/wordpress\/wp-json\/wp\/v2\/comments?post=837"}],"version-history":[{"count":1,"href":"https:\/\/akys.kapsi.fi\/wordpress\/wp-json\/wp\/v2\/posts\/837\/revisions"}],"predecessor-version":[{"id":838,"href":"https:\/\/akys.kapsi.fi\/wordpress\/wp-json\/wp\/v2\/posts\/837\/revisions\/838"}],"wp:attachment":[{"href":"https:\/\/akys.kapsi.fi\/wordpress\/wp-json\/wp\/v2\/media?parent=837"}],"wp:term":[{"taxonomy":"category","embeddable":true,"href":"https:\/\/akys.kapsi.fi\/wordpress\/wp-json\/wp\/v2\/categories?post=837"},{"taxonomy":"post_tag","embeddable":true,"href":"https:\/\/akys.kapsi.fi\/wordpress\/wp-json\/wp\/v2\/tags?post=837"}],"curies":[{"name":"wp","href":"https:\/\/api.w.org\/{rel}","templated":true}]}}