{"id":803,"date":"2011-08-15T14:39:59","date_gmt":"2011-08-15T14:39:59","guid":{"rendered":"http:\/\/akys.kapsi.fi\/wordpress\/?p=803"},"modified":"2023-03-06T10:46:08","modified_gmt":"2023-03-06T10:46:08","slug":"803-2","status":"publish","type":"post","link":"https:\/\/akys.kapsi.fi\/wordpress\/803-2\/","title":{"rendered":"Vetoomus  Palestiinan valtion tunnustamiseksi YK:ssa"},"content":{"rendered":"<p><em>AKYS on toimittanut elokuussa 2011 Suomen ulkopoliittiselle johdolle vetoomuksen Palestiinan hyv\u00e4ksymisest\u00e4 YK:n j\u00e4seneksi<\/em><!--more--><br \/>\nTasavalla presidentti Tarja Halonen<br \/>\nP\u00e4\u00e4ministeri Jyrki Katainen<br \/>\nUlkoasiainministeri Erkki Tuomioja<br \/>\nIsraelin miehitt\u00e4m\u00e4n Jordan-joen l\u00e4nsirannan osia hallinoiva palestiinalaishallinto perustettiiin alunperin v\u00e4liaikaiseksi hallinnoksi, kunnes osapuolten v\u00e4listen neuvottelujen tuloksena saataisiin pysyv\u00e4 kahden rinnakkain el\u00e4v\u00e4n valtion muodostama ratkaisu.<\/p>\n<p>Kun vuosikymmenien aikana rauhanneuvotelut eiv\u00e4t ole edenneet eiv\u00e4tk\u00e4 johtanee toteuttamiskelpoiseen ratkaisuun l\u00e4hinn\u00e4 Israelin joustamattomuuden vuoksi, ja varsinkin kun viime vuosina Israelia on johtanut \u00e4\u00e4rioikeistolainen ja \u00e4\u00e4rinationalistinen hallitus, joka on vain kiihdytt\u00e4nyt palestiinalaisvaltion edellytysten heikent\u00e4mist\u00e4 lains\u00e4\u00e4d\u00e4nn\u00f6ll\u00e4 ja sotilasalueiden ja siirtokuntien laajentamisella, on palestiinalaishallinto p\u00e4\u00e4tt\u00e4nyt hakea tukea kansainv\u00e4liselt\u00e4 yhteis\u00f6lt\u00e4 hakemalla kansalleen valtiollisen itsen\u00e4isyyden tunnustamista YK:ssa vuotta 1967 edelt\u00e4neiden rajojen mukaisella alueella, It\u00e4-Jerusalem sen p\u00e4\u00e4kaupunkina.<\/p>\n<p>T\u00e4m\u00e4 alue on vain 22 prosenttia historiallisen Palestiinan alueesta, joka viel\u00e4 vajaa sata vuotta sitten oli suurimmaksi osaksi siell\u00e4 satoja vuosia asuneiden Palestiinan arabien asuttama.<\/p>\n<p>Viime vuodet palestiinalaishallinto on keskittynyt itsen\u00e4isen valtion edellytysten luomiseen kehitt\u00e4m\u00e4ll\u00e4 alueidensa infrastruktuuria ja hallintoa YK:n, Maailmanpankin, Yhdysvaltojen ja EU:n tuella. Tukijat ovat nyt todenneet n\u00e4iden edellytysten olevan riitt\u00e4v\u00e4t oman valtion perustamiseksi. My\u00f6s suurin osa maailman valtioista, 122 maata, on jo tunnustanut Palestiinan valtion. Ainoina estein\u00e4 valtion syntymiselle ovat Israelin vastustus ja sek\u00e4 sen kansainv\u00e4lisen lain ja kansainv\u00e4lisen yhteis\u00f6n tavoitteiden vastaiset toimet oman otteensa vahvistamiseksi tulevan palestiinalaisvaltion alueella palestiinalaisv\u00e4est\u00f6n kustannuksella.<\/p>\n<p>Jokaisella tilannetta seuraavalle on selv\u00e4\u00e4, ett\u00e4 Israelilla ei ole aikomustakaan suostua YK:n p\u00e4\u00e4t\u00f6slauselmien mukaiseen kahden valtion ratkaisuun ja ett\u00e4 se k\u00e4ytt\u00e4\u00e4 vaatimuksiaan &#8221;neuvottelup\u00f6yt\u00e4\u00e4n istumisesta&#8221; verhona pitkitt\u00e4m\u00e4\u00e4n miehityst\u00e4 tavoitteena luoda tilanne, jossa koko L\u00e4nsiranta on peruuttamattomasti Israelin hallussa. T\u00e4llainen vaihtoehto ei voisi tuoda rauha alueelle eik\u00e4 turvallisuutta my\u00f6sk\u00e4\u00e4n Israelille muualla kuin rajoittamattoman vallan sumentamissa \u00e4\u00e4risiionistisissa kuvitelmissa. Voidaankin sanoa, ett\u00e4 vaikutusvaltaisten, etup\u00e4\u00e4ss\u00e4 Yhdysvalloissa toimivien etuj\u00e4rjest\u00f6jen vaiktuksen ansiosta muutaman miljoonan \u00e4\u00e4rinationalistin ja uskonnollisen fundamentalistin joukko pit\u00e4\u00e4 koko maailmaa pilkkanaan, mahdollistaa Israelin kolonilaistisen vallan jatkumisen ja on yhten\u00e4 ratkaisevana esteen\u00e4 L\u00e4hi-id\u00e4n rauhoittamiselle.<\/p>\n<p>Palestiinan kansan YK-j\u00e4senyys ei merkitse miehityksen loppumista ja valtion synty\u00e4, mutta se auttaisi viem\u00e4\u00e4n lukkiutunutta rauhankehityst\u00e4 eteenp\u00e4in ja panisi periaatteellisella tasolla voimaan YK:n Palestiinan aluetta koskevat, vuodesta 1947 alkaen tehdyt p\u00e4\u00e4t\u00f6kset. Palestiinalaisten hakemus tulee todenn\u00e4k\u00f6isesti k\u00e4sitelt\u00e4v\u00e4ksi YK:n yleiskokouksessa syyskuussa. Vetoamme Suomen ulkopoliittiseen johtoon, ett\u00e4 se toimisi vastuullisesti ja asettuisi itsen\u00e4isen Palestiinan valtion tunnustavien valtioiden joukkoon. P\u00e4invastainen toiminta merkitsisi YK:n aikaisempien, Suomenkin tukemisten p\u00e4\u00e4t\u00f6sten merkityksen mit\u00e4t\u00f6imist\u00e4 ja YK:n koko arvovallan murentamista.<br \/>\nArabikansojen yst\u00e4vyysseura ry<\/p>\n<div class=\"synved-social-container synved-social-container-share\" style=\"text-align: right\"><a class=\"synved-social-button synved-social-button-share synved-social-size-32 synved-social-resolution-single synved-social-provider-facebook nolightbox\" data-provider=\"facebook\" target=\"_blank\" rel=\"nofollow\" title=\"Jaa Facebookissa\" href=\"https:\/\/www.facebook.com\/sharer.php?u=https%3A%2F%2Fakys.kapsi.fi%2Fwordpress%2Fwp-json%2Fwp%2Fv2%2Fposts%2F803&#038;t=Vetoomus%20%20Palestiinan%20valtion%20tunnustamiseksi%20YK%3Assa&#038;s=100&#038;p&#091;url&#093;=https%3A%2F%2Fakys.kapsi.fi%2Fwordpress%2Fwp-json%2Fwp%2Fv2%2Fposts%2F803&#038;p&#091;images&#093;&#091;0&#093;=&#038;p&#091;title&#093;=Vetoomus%20%20Palestiinan%20valtion%20tunnustamiseksi%20YK%3Assa\" style=\"font-size: 0px;width:32px;height:32px;margin:0;margin-bottom:5px;margin-right:5px\"><img loading=\"lazy\" decoding=\"async\" alt=\"Facebook\" title=\"Jaa Facebookissa\" class=\"synved-share-image synved-social-image synved-social-image-share\" width=\"32\" height=\"32\" style=\"display: inline;width:32px;height:32px;margin: 0;padding: 0;border: none;box-shadow: none\" src=\"https:\/\/akys.kapsi.fi\/wordpress\/wp-content\/plugins\/social-media-feather\/synved-social\/image\/social\/regular\/64x64\/facebook.png\" \/><\/a><a class=\"synved-social-button synved-social-button-share synved-social-size-32 synved-social-resolution-single synved-social-provider-twitter nolightbox\" data-provider=\"twitter\" target=\"_blank\" rel=\"nofollow\" title=\"Share on Twitter\" href=\"https:\/\/twitter.com\/intent\/tweet?url=https%3A%2F%2Fakys.kapsi.fi%2Fwordpress%2Fwp-json%2Fwp%2Fv2%2Fposts%2F803&#038;text=Hey%20check%20this%20out\" style=\"font-size: 0px;width:32px;height:32px;margin:0;margin-bottom:5px;margin-right:5px\"><img loading=\"lazy\" decoding=\"async\" alt=\"twitter\" title=\"Share on Twitter\" class=\"synved-share-image synved-social-image synved-social-image-share\" width=\"32\" height=\"32\" style=\"display: inline;width:32px;height:32px;margin: 0;padding: 0;border: none;box-shadow: none\" src=\"https:\/\/akys.kapsi.fi\/wordpress\/wp-content\/plugins\/social-media-feather\/synved-social\/image\/social\/regular\/64x64\/twitter.png\" \/><\/a><a class=\"synved-social-button synved-social-button-share synved-social-size-32 synved-social-resolution-single synved-social-provider-pinterest nolightbox\" data-provider=\"pinterest\" target=\"_blank\" rel=\"nofollow\" title=\"Pin it with Pinterest\" href=\"https:\/\/pinterest.com\/pin\/create\/button\/?url=https%3A%2F%2Fakys.kapsi.fi%2Fwordpress%2Fwp-json%2Fwp%2Fv2%2Fposts%2F803&#038;media=&#038;description=Vetoomus%20%20Palestiinan%20valtion%20tunnustamiseksi%20YK%3Assa\" style=\"font-size: 0px;width:32px;height:32px;margin:0;margin-bottom:5px;margin-right:5px\"><img loading=\"lazy\" decoding=\"async\" alt=\"pinterest\" title=\"Pin it with Pinterest\" class=\"synved-share-image synved-social-image synved-social-image-share\" width=\"32\" height=\"32\" style=\"display: inline;width:32px;height:32px;margin: 0;padding: 0;border: none;box-shadow: none\" src=\"https:\/\/akys.kapsi.fi\/wordpress\/wp-content\/plugins\/social-media-feather\/synved-social\/image\/social\/regular\/64x64\/pinterest.png\" \/><\/a><a class=\"synved-social-button synved-social-button-share synved-social-size-32 synved-social-resolution-single synved-social-provider-mail nolightbox\" data-provider=\"mail\" rel=\"nofollow\" title=\"Share by email\" href=\"mailto:?subject=Vetoomus%20%20Palestiinan%20valtion%20tunnustamiseksi%20YK%3Assa&#038;body=Hey%20check%20this%20out:%20https%3A%2F%2Fakys.kapsi.fi%2Fwordpress%2Fwp-json%2Fwp%2Fv2%2Fposts%2F803\" style=\"font-size: 0px;width:32px;height:32px;margin:0;margin-bottom:5px\"><img loading=\"lazy\" decoding=\"async\" alt=\"mail\" title=\"Share by email\" class=\"synved-share-image synved-social-image synved-social-image-share\" width=\"32\" height=\"32\" style=\"display: inline;width:32px;height:32px;margin: 0;padding: 0;border: none;box-shadow: none\" src=\"https:\/\/akys.kapsi.fi\/wordpress\/wp-content\/plugins\/social-media-feather\/synved-social\/image\/social\/regular\/64x64\/mail.png\" \/><\/a><\/div>","protected":false},"excerpt":{"rendered":"<p>AKYS on toimittanut elokuussa 2011 Suomen ulkopoliittiselle johdolle vetoomuksen Palestiinan hyv\u00e4ksymisest\u00e4 YK:n j\u00e4seneksi<\/p>\n","protected":false},"author":4,"featured_media":0,"comment_status":"closed","ping_status":"closed","sticky":false,"template":"","format":"standard","meta":{"footnotes":""},"categories":[5],"tags":[],"class_list":["post-803","post","type-post","status-publish","format-standard","hentry","category-vetoomukset","entry"],"_links":{"self":[{"href":"https:\/\/akys.kapsi.fi\/wordpress\/wp-json\/wp\/v2\/posts\/803","targetHints":{"allow":["GET"]}}],"collection":[{"href":"https:\/\/akys.kapsi.fi\/wordpress\/wp-json\/wp\/v2\/posts"}],"about":[{"href":"https:\/\/akys.kapsi.fi\/wordpress\/wp-json\/wp\/v2\/types\/post"}],"author":[{"embeddable":true,"href":"https:\/\/akys.kapsi.fi\/wordpress\/wp-json\/wp\/v2\/users\/4"}],"replies":[{"embeddable":true,"href":"https:\/\/akys.kapsi.fi\/wordpress\/wp-json\/wp\/v2\/comments?post=803"}],"version-history":[{"count":2,"href":"https:\/\/akys.kapsi.fi\/wordpress\/wp-json\/wp\/v2\/posts\/803\/revisions"}],"predecessor-version":[{"id":805,"href":"https:\/\/akys.kapsi.fi\/wordpress\/wp-json\/wp\/v2\/posts\/803\/revisions\/805"}],"wp:attachment":[{"href":"https:\/\/akys.kapsi.fi\/wordpress\/wp-json\/wp\/v2\/media?parent=803"}],"wp:term":[{"taxonomy":"category","embeddable":true,"href":"https:\/\/akys.kapsi.fi\/wordpress\/wp-json\/wp\/v2\/categories?post=803"},{"taxonomy":"post_tag","embeddable":true,"href":"https:\/\/akys.kapsi.fi\/wordpress\/wp-json\/wp\/v2\/tags?post=803"}],"curies":[{"name":"wp","href":"https:\/\/api.w.org\/{rel}","templated":true}]}}