{"id":6174,"date":"2026-04-29T11:06:20","date_gmt":"2026-04-29T11:06:20","guid":{"rendered":"https:\/\/akys.kapsi.fi\/wordpress\/?p=6174"},"modified":"2026-04-29T12:08:14","modified_gmt":"2026-04-29T12:08:14","slug":"kansalaisjarjestot-eu-israel-assosiaatiosopimuksen-jaadyttamatta-jattaminen-loukkaa-eun-perustavanlaatuisia-ihmisoikeussitoumuksia","status":"publish","type":"post","link":"https:\/\/akys.kapsi.fi\/wordpress\/kansalaisjarjestot-eu-israel-assosiaatiosopimuksen-jaadyttamatta-jattaminen-loukkaa-eun-perustavanlaatuisia-ihmisoikeussitoumuksia\/","title":{"rendered":"Kansalaisj\u00e4rjest\u00f6t: EU-Israel -assosiaatiosopimuksen j\u00e4\u00e4dytt\u00e4m\u00e4tt\u00e4 j\u00e4tt\u00e4minen rikkoo EU:n perustavanlaatuisia ihmisoikeussitoumuksia"},"content":{"rendered":"\n<p>Kes\u00e4kuussa 2025 EU:n ulkoasiainhallinto laati j\u00e4senmaiden piiriss\u00e4 laajasti levinneen raportin, jossa todettiin Israelin loukanneen r\u00e4ike\u00e4sti kansainv\u00e4list\u00e4 ihmisoikeuksia koskevaa lakia ja kansainv\u00e4list\u00e4 humanitaarista oikeutta sek\u00e4 mahdollisesti EU:n ja Israelin v\u00e4lisen assosiaatiosopimuksen pyk\u00e4l\u00e4\u00e4 2, joka velvoittaa osapuolet kunnioittamaan ihmisokeuksia ja demokratian periaatteita. Joidenkin j\u00e4senmaiden aloitteesta komissio toi EU:n ulkoasiainneuvostoon kysymyksen menettelyn k\u00e4ynnist\u00e4misest\u00e4 pyk\u00e4l\u00e4n ehtojen t\u00e4yttymisen arvioimiseksi ja mahdollisesti siit\u00e4 seuraaviiin toimiin ryhtymiseksi.<\/p>\n\n\n\n<p>Menettely\u00e4 ei kuitenkaan k\u00e4ynnistetty ja sopimus j\u00e4i voimaan. Huhtikuussa 2026 asia oli j\u00e4lleen ulkoasiainneuvoston (j\u00e4senmaiden ulkoministerien) kokouksen asialistalla Espanjan, Irlannin ja Slovenian vet\u00e4m\u00e4n\u00e4 sek\u00e4 lukuisten kansalaisj\u00e4rjest\u00f6jen vetoomusten ja YK:n ihmisoikeusasiantuntijoiden julkilausuman saattelemana. T\u00e4ll\u00e4kin kertaa EU j\u00e4i toimettomaksi.<\/p>\n\n\n\n<p>Lue palestiinalaisen Al Haq -ihmisoikeusj\u00e4rjest\u00f6n aloitteesta laadittu kansainv\u00e4linen <a href=\"https:\/\/www.alhaq.org\/advocacy\/27580.html\"><strong>kansalaisj\u00e4rjest\u00f6jen kann<\/strong><\/a><strong><a href=\"https:\/\/www.alhaq.org\/advocacy\/27580.html\" target=\"_blank\" rel=\"noreferrer noopener\">a<\/a><\/strong><a href=\"https:\/\/www.alhaq.org\/advocacy\/27580.html\"><strong>notto<\/strong><\/a>.<\/p>\n\n\n\n<p><\/p>\n<div class=\"synved-social-container synved-social-container-share\" style=\"text-align: right\"><a class=\"synved-social-button synved-social-button-share synved-social-size-32 synved-social-resolution-single synved-social-provider-facebook nolightbox\" data-provider=\"facebook\" target=\"_blank\" rel=\"nofollow\" title=\"Jaa Facebookissa\" href=\"https:\/\/www.facebook.com\/sharer.php?u=https%3A%2F%2Fakys.kapsi.fi%2Fwordpress%2Fwp-json%2Fwp%2Fv2%2Fposts%2F6174&#038;t=Kansalaisj%C3%A4rjest%C3%B6t%3A%20EU-Israel%20-assosiaatiosopimuksen%20j%C3%A4%C3%A4dytt%C3%A4m%C3%A4tt%C3%A4%20j%C3%A4tt%C3%A4minen%20rikkoo%20EU%3An%20perustavanlaatuisia%20ihmisoikeussitoumuksia&#038;s=100&#038;p&#091;url&#093;=https%3A%2F%2Fakys.kapsi.fi%2Fwordpress%2Fwp-json%2Fwp%2Fv2%2Fposts%2F6174&#038;p&#091;images&#093;&#091;0&#093;=&#038;p&#091;title&#093;=Kansalaisj%C3%A4rjest%C3%B6t%3A%20EU-Israel%20-assosiaatiosopimuksen%20j%C3%A4%C3%A4dytt%C3%A4m%C3%A4tt%C3%A4%20j%C3%A4tt%C3%A4minen%20rikkoo%20EU%3An%20perustavanlaatuisia%20ihmisoikeussitoumuksia\" style=\"font-size: 0px;width:32px;height:32px;margin:0;margin-bottom:5px;margin-right:5px\"><img loading=\"lazy\" decoding=\"async\" alt=\"Facebook\" title=\"Jaa Facebookissa\" class=\"synved-share-image synved-social-image synved-social-image-share\" width=\"32\" height=\"32\" style=\"display: inline;width:32px;height:32px;margin: 0;padding: 0;border: none;box-shadow: none\" src=\"https:\/\/akys.kapsi.fi\/wordpress\/wp-content\/plugins\/social-media-feather\/synved-social\/image\/social\/regular\/64x64\/facebook.png\" \/><\/a><a class=\"synved-social-button synved-social-button-share synved-social-size-32 synved-social-resolution-single synved-social-provider-twitter nolightbox\" data-provider=\"twitter\" target=\"_blank\" rel=\"nofollow\" title=\"Share on Twitter\" href=\"https:\/\/twitter.com\/intent\/tweet?url=https%3A%2F%2Fakys.kapsi.fi%2Fwordpress%2Fwp-json%2Fwp%2Fv2%2Fposts%2F6174&#038;text=Hey%20check%20this%20out\" style=\"font-size: 0px;width:32px;height:32px;margin:0;margin-bottom:5px;margin-right:5px\"><img loading=\"lazy\" decoding=\"async\" alt=\"twitter\" title=\"Share on Twitter\" class=\"synved-share-image synved-social-image synved-social-image-share\" width=\"32\" height=\"32\" style=\"display: inline;width:32px;height:32px;margin: 0;padding: 0;border: none;box-shadow: none\" src=\"https:\/\/akys.kapsi.fi\/wordpress\/wp-content\/plugins\/social-media-feather\/synved-social\/image\/social\/regular\/64x64\/twitter.png\" \/><\/a><a class=\"synved-social-button synved-social-button-share synved-social-size-32 synved-social-resolution-single synved-social-provider-pinterest nolightbox\" data-provider=\"pinterest\" target=\"_blank\" rel=\"nofollow\" title=\"Pin it with Pinterest\" href=\"https:\/\/pinterest.com\/pin\/create\/button\/?url=https%3A%2F%2Fakys.kapsi.fi%2Fwordpress%2Fwp-json%2Fwp%2Fv2%2Fposts%2F6174&#038;media=&#038;description=Kansalaisj%C3%A4rjest%C3%B6t%3A%20EU-Israel%20-assosiaatiosopimuksen%20j%C3%A4%C3%A4dytt%C3%A4m%C3%A4tt%C3%A4%20j%C3%A4tt%C3%A4minen%20rikkoo%20EU%3An%20perustavanlaatuisia%20ihmisoikeussitoumuksia\" style=\"font-size: 0px;width:32px;height:32px;margin:0;margin-bottom:5px;margin-right:5px\"><img loading=\"lazy\" decoding=\"async\" alt=\"pinterest\" title=\"Pin it with Pinterest\" class=\"synved-share-image synved-social-image synved-social-image-share\" width=\"32\" height=\"32\" style=\"display: inline;width:32px;height:32px;margin: 0;padding: 0;border: none;box-shadow: none\" src=\"https:\/\/akys.kapsi.fi\/wordpress\/wp-content\/plugins\/social-media-feather\/synved-social\/image\/social\/regular\/64x64\/pinterest.png\" \/><\/a><a class=\"synved-social-button synved-social-button-share synved-social-size-32 synved-social-resolution-single synved-social-provider-mail nolightbox\" data-provider=\"mail\" rel=\"nofollow\" title=\"Share by email\" href=\"mailto:?subject=Kansalaisj%C3%A4rjest%C3%B6t%3A%20EU-Israel%20-assosiaatiosopimuksen%20j%C3%A4%C3%A4dytt%C3%A4m%C3%A4tt%C3%A4%20j%C3%A4tt%C3%A4minen%20rikkoo%20EU%3An%20perustavanlaatuisia%20ihmisoikeussitoumuksia&#038;body=Hey%20check%20this%20out:%20https%3A%2F%2Fakys.kapsi.fi%2Fwordpress%2Fwp-json%2Fwp%2Fv2%2Fposts%2F6174\" style=\"font-size: 0px;width:32px;height:32px;margin:0;margin-bottom:5px\"><img loading=\"lazy\" decoding=\"async\" alt=\"mail\" title=\"Share by email\" class=\"synved-share-image synved-social-image synved-social-image-share\" width=\"32\" height=\"32\" style=\"display: inline;width:32px;height:32px;margin: 0;padding: 0;border: none;box-shadow: none\" src=\"https:\/\/akys.kapsi.fi\/wordpress\/wp-content\/plugins\/social-media-feather\/synved-social\/image\/social\/regular\/64x64\/mail.png\" \/><\/a><\/div>","protected":false},"excerpt":{"rendered":"<p>Kes\u00e4kuussa 2025 EU:n ulkoasiainhallinto laati j\u00e4senmaiden piiriss\u00e4 laajasti levinneen raportin, jossa todettiin Israelin loukanneen r\u00e4ike\u00e4sti kansainv\u00e4list\u00e4 ihmisoikeuksia koskevaa lakia ja kansainv\u00e4list\u00e4 humanitaarista oikeutta sek\u00e4 mahdollisesti EU:n ja Israelin v\u00e4lisen assosiaatiosopimuksen &hellip; <\/p>\n<p class=\"link-more\"><a href=\"https:\/\/akys.kapsi.fi\/wordpress\/kansalaisjarjestot-eu-israel-assosiaatiosopimuksen-jaadyttamatta-jattaminen-loukkaa-eun-perustavanlaatuisia-ihmisoikeussitoumuksia\/\" class=\"more-link\">Jatka lukemista<span class=\"screen-reader-text\"> &#8221;Kansalaisj\u00e4rjest\u00f6t: EU-Israel -assosiaatiosopimuksen j\u00e4\u00e4dytt\u00e4m\u00e4tt\u00e4 j\u00e4tt\u00e4minen rikkoo EU:n perustavanlaatuisia ihmisoikeussitoumuksia&#8221;<\/span><\/a><\/p>\n","protected":false},"author":9,"featured_media":0,"comment_status":"closed","ping_status":"closed","sticky":false,"template":"","format":"standard","meta":{"footnotes":""},"categories":[22,5],"tags":[],"class_list":["post-6174","post","type-post","status-publish","format-standard","hentry","category-uutiset","category-vetoomukset","entry"],"_links":{"self":[{"href":"https:\/\/akys.kapsi.fi\/wordpress\/wp-json\/wp\/v2\/posts\/6174","targetHints":{"allow":["GET"]}}],"collection":[{"href":"https:\/\/akys.kapsi.fi\/wordpress\/wp-json\/wp\/v2\/posts"}],"about":[{"href":"https:\/\/akys.kapsi.fi\/wordpress\/wp-json\/wp\/v2\/types\/post"}],"author":[{"embeddable":true,"href":"https:\/\/akys.kapsi.fi\/wordpress\/wp-json\/wp\/v2\/users\/9"}],"replies":[{"embeddable":true,"href":"https:\/\/akys.kapsi.fi\/wordpress\/wp-json\/wp\/v2\/comments?post=6174"}],"version-history":[{"count":3,"href":"https:\/\/akys.kapsi.fi\/wordpress\/wp-json\/wp\/v2\/posts\/6174\/revisions"}],"predecessor-version":[{"id":6177,"href":"https:\/\/akys.kapsi.fi\/wordpress\/wp-json\/wp\/v2\/posts\/6174\/revisions\/6177"}],"wp:attachment":[{"href":"https:\/\/akys.kapsi.fi\/wordpress\/wp-json\/wp\/v2\/media?parent=6174"}],"wp:term":[{"taxonomy":"category","embeddable":true,"href":"https:\/\/akys.kapsi.fi\/wordpress\/wp-json\/wp\/v2\/categories?post=6174"},{"taxonomy":"post_tag","embeddable":true,"href":"https:\/\/akys.kapsi.fi\/wordpress\/wp-json\/wp\/v2\/tags?post=6174"}],"curies":[{"name":"wp","href":"https:\/\/api.w.org\/{rel}","templated":true}]}}