{"id":4738,"date":"2024-05-13T09:08:13","date_gmt":"2024-05-13T09:08:13","guid":{"rendered":"https:\/\/akys.kapsi.fi\/wordpress\/?p=4738"},"modified":"2025-04-11T07:28:33","modified_gmt":"2025-04-11T07:28:33","slug":"suomen-ratkaisusta-ykn-palestiina-aanestyksessa","status":"publish","type":"post","link":"https:\/\/akys.kapsi.fi\/wordpress\/suomen-ratkaisusta-ykn-palestiina-aanestyksessa\/","title":{"rendered":"Suomen ratkaisusta YK:n Palestiina-\u00e4\u00e4nestyksess\u00e4"},"content":{"rendered":"\n<p><em>AKYS on l\u00e4hett\u00e4nyt 13.5.2024 alla olevan kirjeen Tasavallan presidentille ja ulko- ja turvallisuuspoliittiselle ministerivaliokunnalle.<\/em><\/p>\n\n\n\n<p>Tasavallan presidentti, ulko- ja turvallisuuspoliittinen ministerivaliokunta<\/p>\n\n\n\n<p>Suomi oli niiden harvojen maiden joukossa, jotka j\u00e4ttiv\u00e4t \u00e4\u00e4nest\u00e4m\u00e4tt\u00e4 YK:n yleiskokouksessa Palestiinan valtion t\u00e4ysj\u00e4senyyden edist\u00e4mist\u00e4 koskevassa \u00e4\u00e4nestyksess\u00e4. Enemmist\u00f6 EU-maista ja Pohjoismaista tuki p\u00e4\u00e4t\u00f6slauselmaa. Tukijoihin kuuluivat my\u00f6s esimerkiksi Viro ja Puola. Suomi ja Ruotsi puuttuivat kuitenkin luonnollisen viiteryhm\u00e4ns\u00e4 joukosta.<\/p>\n\n\n\n<p>Tasavallan presidentin ilmoituksen mukaan ratkaisu perustui TP-UTVA:n linjaukseen. Presidentti Stubbin mukaan Suomi pyrkii kaikin tavoin edist\u00e4m\u00e4\u00e4n kahden valtion ratkaisua ja itsen\u00e4isen Palestiinan valtion synty\u00e4, mutta Palestiinan YK-j\u00e4senyyden on oltava osa yhdess\u00e4 sovittua suunnitelmaa, eik\u00e4 t\u00e4ss\u00e4 tilanteessa viel\u00e4 olla.<\/p>\n\n\n\n<p>Jos Israel\/Palestiinan t\u00e4ysin kest\u00e4m\u00e4t\u00f6nt\u00e4 ja n\u00e4k\u00f6alatonta tilannetta ei saada muutettua, Gazan sodan kaltaiset katastrofit tulevat jatkumaan hamaan tulevaisuuteen ja voivat eskaloitua laajemmiksi sodiksi. Selitykset, ett\u00e4 t\u00e4ss\u00e4 tilanteessa on kiireellisempi\u00e4 asioita, kuten tulitauko Gazaan, ja ett\u00e4 \u00e4\u00e4nestys oli pitk\u00e4lle symbolinen, ontuvat. Nimenomaan k\u00e4rjistyneen kriisin oloissa kansainv\u00e4lisen yhteis\u00f6n palestiinalaisten itsem\u00e4\u00e4r\u00e4\u00e4misoikeutta ja todellisen rauhan edellytyksi\u00e4 koskevan mielipiteen esitt\u00e4minen on entist\u00e4 pakottavampaa sek\u00e4 nykyisen konfliktin p\u00e4\u00e4tt\u00e4misen ett\u00e4 vastaavien tulevien konfliktien ehk\u00e4isemisen kannalta.<\/p>\n\n\n\n<p>Suomen linja, jonka mukaan palestiinalaisvaltio voi synty\u00e4 vain osapuolten v\u00e4listen neuvottelujen tuloksena, on kest\u00e4m\u00e4t\u00f6n. Osapuolten v\u00e4linen voimaep\u00e4tasapaino on niin suuri, ett\u00e4 vain kansainv\u00e4lisen yhteis\u00f6n voimakas painostus voi saada aikaan tilanteen, jossa ylip\u00e4\u00e4t\u00e4\u00e4n on jotakin neuvoteltavaa. Pelk\u00e4ll\u00e4 odottelulla ja retoriikalla t\u00e4llaista tilannetta ei synny koskaan. Israelin asenne palestiinalaisia kohtaan on jo ennen 7.10. hy\u00f6kk\u00e4yst\u00e4kin vain koventunut ja maan anastaminen kiihtynyt, ja palestiinalaisvaltion edellytykset ovat karanneet yh\u00e4 kauemmaksi. Israelin strategia ei ole \u201ctwo-state solution\u201d eik\u00e4 \u201cone-state solution\u201d, vaan \u201cno-state solution\u201d, jossa palestiinalaisten oikeuksien ep\u00e4\u00e4minen ja maiden anastaminen vied\u00e4\u00e4n loppuun saakka.<\/p>\n\n\n\n<p>EU-parlamentti totesi viime kes\u00e4isiss\u00e4 suosituksissaan EU:n ja palestiinalaishallinnon suhteista, ett\u00e4 mielekk\u00e4\u00e4t neuvottelut ovat mahdollisia vain, kun molemmat osapuolet ovat yhdenvertaisessa asemassa. Parlamentin mukaan poliittisen tahdon ja kansanv\u00e4lisen tunnustamisen puuttuminen yhdistettyn\u00e4 Palestiinan vuosikymmeni\u00e4 kest\u00e4neeseen miehitykseen ovat asianmukaisten neuvottelujen esteen\u00e4. Suomella olisi ollut tilaisuus antaa osaltaan panoksensa tilanteen parantamiseen, mutta maamme j\u00e4tti sen k\u00e4ytt\u00e4m\u00e4tt\u00e4.<\/p>\n\n\n\n<p>Kuten YK:n p\u00e4\u00e4sihteeri totesi, 7.10. hy\u00f6kk\u00e4ysk\u00e4\u00e4n ei tapahtunut tyhji\u00f6ss\u00e4. Jos L\u00e4hi-id\u00e4n kriisi ratkaisun puuttuessa jatkaa k\u00e4rjistymist\u00e4\u00e4n, nekin maat, jotka eiv\u00e4t tee osaansa tilanteen korjaamiseksi, tulevat olemaan historian edess\u00e4 vastuussa. Edmund Burken toteamus \u201cKaikki, mit\u00e4 tarvitaan pahuuden lis\u00e4\u00e4ntymiseen, on se, ett\u00e4 hyv\u00e4t ihmiset eiv\u00e4t tee mit\u00e4\u00e4n\u201d p\u00e4tee my\u00f6s kansainv\u00e4liseen politiikkaan.<\/p>\n\n\n\n<p>Jo presidentti Ahtisaari totesi L\u00e4hi-id\u00e4n kriisin olevan maailman huolestuttavin konflikti, jossa tarvitaan rauhaan pakottamista. Suomen on uskallettava olla todellinen rauhanrakentaja. Suomen on ter\u00e4stett\u00e4v\u00e4 linjaansa ja liitytt\u00e4v\u00e4 niiden Euroopan maiden joukkoon, jotka aikovat tunnustaa Palestiinan valtion.<\/p>\n\n\n\n<p>Kunnioittaen,<\/p>\n\n\n\n<p>Arabikansojen yst\u00e4vyysseura ry<br>Taina Dahlgren, puheenjohtaja<\/p>\n<div class=\"synved-social-container synved-social-container-share\" style=\"text-align: right\"><a class=\"synved-social-button synved-social-button-share synved-social-size-32 synved-social-resolution-single synved-social-provider-facebook nolightbox\" data-provider=\"facebook\" target=\"_blank\" rel=\"nofollow\" title=\"Jaa Facebookissa\" href=\"https:\/\/www.facebook.com\/sharer.php?u=https%3A%2F%2Fakys.kapsi.fi%2Fwordpress%2Fwp-json%2Fwp%2Fv2%2Fposts%2F4738&#038;t=Suomen%20ratkaisusta%20YK%3An%20Palestiina-%C3%A4%C3%A4nestyksess%C3%A4&#038;s=100&#038;p&#091;url&#093;=https%3A%2F%2Fakys.kapsi.fi%2Fwordpress%2Fwp-json%2Fwp%2Fv2%2Fposts%2F4738&#038;p&#091;images&#093;&#091;0&#093;=&#038;p&#091;title&#093;=Suomen%20ratkaisusta%20YK%3An%20Palestiina-%C3%A4%C3%A4nestyksess%C3%A4\" style=\"font-size: 0px;width:32px;height:32px;margin:0;margin-bottom:5px;margin-right:5px\"><img loading=\"lazy\" decoding=\"async\" alt=\"Facebook\" title=\"Jaa Facebookissa\" class=\"synved-share-image synved-social-image synved-social-image-share\" width=\"32\" height=\"32\" style=\"display: inline;width:32px;height:32px;margin: 0;padding: 0;border: none;box-shadow: none\" src=\"https:\/\/akys.kapsi.fi\/wordpress\/wp-content\/plugins\/social-media-feather\/synved-social\/image\/social\/regular\/64x64\/facebook.png\" \/><\/a><a class=\"synved-social-button synved-social-button-share synved-social-size-32 synved-social-resolution-single synved-social-provider-twitter nolightbox\" data-provider=\"twitter\" target=\"_blank\" rel=\"nofollow\" title=\"Share on Twitter\" href=\"https:\/\/twitter.com\/intent\/tweet?url=https%3A%2F%2Fakys.kapsi.fi%2Fwordpress%2Fwp-json%2Fwp%2Fv2%2Fposts%2F4738&#038;text=Hey%20check%20this%20out\" style=\"font-size: 0px;width:32px;height:32px;margin:0;margin-bottom:5px;margin-right:5px\"><img loading=\"lazy\" decoding=\"async\" alt=\"twitter\" title=\"Share on Twitter\" class=\"synved-share-image synved-social-image synved-social-image-share\" width=\"32\" height=\"32\" style=\"display: inline;width:32px;height:32px;margin: 0;padding: 0;border: none;box-shadow: none\" src=\"https:\/\/akys.kapsi.fi\/wordpress\/wp-content\/plugins\/social-media-feather\/synved-social\/image\/social\/regular\/64x64\/twitter.png\" \/><\/a><a class=\"synved-social-button synved-social-button-share synved-social-size-32 synved-social-resolution-single synved-social-provider-pinterest nolightbox\" data-provider=\"pinterest\" target=\"_blank\" rel=\"nofollow\" title=\"Pin it with Pinterest\" href=\"https:\/\/pinterest.com\/pin\/create\/button\/?url=https%3A%2F%2Fakys.kapsi.fi%2Fwordpress%2Fwp-json%2Fwp%2Fv2%2Fposts%2F4738&#038;media=&#038;description=Suomen%20ratkaisusta%20YK%3An%20Palestiina-%C3%A4%C3%A4nestyksess%C3%A4\" style=\"font-size: 0px;width:32px;height:32px;margin:0;margin-bottom:5px;margin-right:5px\"><img loading=\"lazy\" decoding=\"async\" alt=\"pinterest\" title=\"Pin it with Pinterest\" class=\"synved-share-image synved-social-image synved-social-image-share\" width=\"32\" height=\"32\" style=\"display: inline;width:32px;height:32px;margin: 0;padding: 0;border: none;box-shadow: none\" src=\"https:\/\/akys.kapsi.fi\/wordpress\/wp-content\/plugins\/social-media-feather\/synved-social\/image\/social\/regular\/64x64\/pinterest.png\" \/><\/a><a class=\"synved-social-button synved-social-button-share synved-social-size-32 synved-social-resolution-single synved-social-provider-mail nolightbox\" data-provider=\"mail\" rel=\"nofollow\" title=\"Share by email\" href=\"mailto:?subject=Suomen%20ratkaisusta%20YK%3An%20Palestiina-%C3%A4%C3%A4nestyksess%C3%A4&#038;body=Hey%20check%20this%20out:%20https%3A%2F%2Fakys.kapsi.fi%2Fwordpress%2Fwp-json%2Fwp%2Fv2%2Fposts%2F4738\" style=\"font-size: 0px;width:32px;height:32px;margin:0;margin-bottom:5px\"><img loading=\"lazy\" decoding=\"async\" alt=\"mail\" title=\"Share by email\" class=\"synved-share-image synved-social-image synved-social-image-share\" width=\"32\" height=\"32\" style=\"display: inline;width:32px;height:32px;margin: 0;padding: 0;border: none;box-shadow: none\" src=\"https:\/\/akys.kapsi.fi\/wordpress\/wp-content\/plugins\/social-media-feather\/synved-social\/image\/social\/regular\/64x64\/mail.png\" \/><\/a><\/div>","protected":false},"excerpt":{"rendered":"<p>AKYS on l\u00e4hett\u00e4nyt 13.5.2024 alla olevan kirjeen Tasavallan presidentille ja ulko- ja turvallisuuspoliittiselle ministerivaliokunnalle. Tasavallan presidentti, ulko- ja turvallisuuspoliittinen ministerivaliokunta Suomi oli niiden harvojen maiden joukossa, jotka j\u00e4ttiv\u00e4t \u00e4\u00e4nest\u00e4m\u00e4tt\u00e4 YK:n &hellip; <\/p>\n<p class=\"link-more\"><a href=\"https:\/\/akys.kapsi.fi\/wordpress\/suomen-ratkaisusta-ykn-palestiina-aanestyksessa\/\" class=\"more-link\">Jatka lukemista<span class=\"screen-reader-text\"> &#8221;Suomen ratkaisusta YK:n Palestiina-\u00e4\u00e4nestyksess\u00e4&#8221;<\/span><\/a><\/p>\n","protected":false},"author":4,"featured_media":0,"comment_status":"closed","ping_status":"closed","sticky":false,"template":"","format":"standard","meta":{"footnotes":""},"categories":[22,7,5],"tags":[],"class_list":["post-4738","post","type-post","status-publish","format-standard","hentry","category-uutiset","category-akys","category-vetoomukset","entry"],"_links":{"self":[{"href":"https:\/\/akys.kapsi.fi\/wordpress\/wp-json\/wp\/v2\/posts\/4738","targetHints":{"allow":["GET"]}}],"collection":[{"href":"https:\/\/akys.kapsi.fi\/wordpress\/wp-json\/wp\/v2\/posts"}],"about":[{"href":"https:\/\/akys.kapsi.fi\/wordpress\/wp-json\/wp\/v2\/types\/post"}],"author":[{"embeddable":true,"href":"https:\/\/akys.kapsi.fi\/wordpress\/wp-json\/wp\/v2\/users\/4"}],"replies":[{"embeddable":true,"href":"https:\/\/akys.kapsi.fi\/wordpress\/wp-json\/wp\/v2\/comments?post=4738"}],"version-history":[{"count":7,"href":"https:\/\/akys.kapsi.fi\/wordpress\/wp-json\/wp\/v2\/posts\/4738\/revisions"}],"predecessor-version":[{"id":4746,"href":"https:\/\/akys.kapsi.fi\/wordpress\/wp-json\/wp\/v2\/posts\/4738\/revisions\/4746"}],"wp:attachment":[{"href":"https:\/\/akys.kapsi.fi\/wordpress\/wp-json\/wp\/v2\/media?parent=4738"}],"wp:term":[{"taxonomy":"category","embeddable":true,"href":"https:\/\/akys.kapsi.fi\/wordpress\/wp-json\/wp\/v2\/categories?post=4738"},{"taxonomy":"post_tag","embeddable":true,"href":"https:\/\/akys.kapsi.fi\/wordpress\/wp-json\/wp\/v2\/tags?post=4738"}],"curies":[{"name":"wp","href":"https:\/\/api.w.org\/{rel}","templated":true}]}}