{"id":4729,"date":"2024-04-03T08:54:01","date_gmt":"2024-04-03T08:54:01","guid":{"rendered":"https:\/\/akys.kapsi.fi\/wordpress\/?p=4729"},"modified":"2026-01-28T09:24:04","modified_gmt":"2026-01-28T09:24:04","slug":"suomen-noudatettava-miehitettyjen-palestiinalaisalueiden-erityisraportoijan-suosituksia","status":"publish","type":"post","link":"https:\/\/akys.kapsi.fi\/wordpress\/suomen-noudatettava-miehitettyjen-palestiinalaisalueiden-erityisraportoijan-suosituksia\/","title":{"rendered":"Suomen noudatettava miehitettyjen palestiinalaisalueiden erityisraportoijan suosituksia"},"content":{"rendered":"\n<p><em>Arabikansojen yst\u00e4vyysseura on 3.4.2024 l\u00e4hett\u00e4nyt ulkoministeri\u00f6\u00f6n seuraavan kirjeen<\/em><\/p>\n\n\n\n<p><\/p>\n\n\n\n<p>Ulkoministeri Elina Valtonen<\/p>\n\n\n\n<p>Juuri tapahtunut seitsem\u00e4n ulkomaalaisten avustusty\u00f6ntekij\u00e4n kuolema Gazassa on voimistanut vastalauseita Israelin sodank\u00e4yntitapaa vastaan, jossa ei v\u00e4ltet\u00e4 siviilien surmaamista joukoittain.<br>Yht\u00e4 voimakkaita vastalauseita ei tosin ole her\u00e4tt\u00e4nyt se, ett\u00e4 t\u00e4h\u00e4n menness\u00e4 Gazassa on saanut surmansa jo yli 200 avustusty\u00f6ntekij\u00e4\u00e4, suurin osa heist\u00e4 UNRWA:n henkil\u00f6kuntaa.<\/p>\n\n\n\n<p>Avustusty\u00f6ntekij\u00f6iden kuolemat ovat v\u00e4ist\u00e4m\u00e4t\u00f6n seuraus Israelin hy\u00f6kk\u00e4ysstrategiasta, jota YK:n miehitettyjen palestiinalaisalueiden erityisraportoija on analysoinut uudessa raportissaan: \u201dAnalysoimalla Israelin Gazan hy\u00f6kk\u00e4yksessa harjoittamaa v\u00e4kivaltaa ja linjauksia t\u00e4m\u00e4 raportti p\u00e4\u00e4tyy johtop\u00e4\u00e4t\u00f6kseen, jonka mukaan voidaan perustellusti uskoa, ett\u00e4 kynnys Israelin suorittaman kansanmurhan todentamiseksi on ylittynyt. Yksi perusl\u00f6yd\u00f6ksist\u00e4 on se, ett\u00e4 Israelin hallitus, sotilasjohto ja sotilaat ovat tarkoituksellisesti v\u00e4\u00e4ristelleet sodan lakien periaatteita ja kumoamalla niiden suojelevat tarkoitukset pyrkineet laillistamaan kansanmurhaan pyrkiv\u00e4n v\u00e4kivallan Palestiinan kansaa kohtaan.\u201d<sub><sup>1)<\/sup><\/sub><\/p>\n\n\n\n<p>Erityisraportoijan mukaan on olemassa varteenotettavat perusteet uskoa seuraavien kansanmurhatoimien suorittamisen ehtojen tulleen t\u00e4ytetyiksi Gazassa: ryhm\u00e4n j\u00e4senten surmaaminen; vakavan ruumiillisen tai henkisen vahingon aiheuttaminen ryhm\u00e4n j\u00e4senille; tahallinen vaikuttaminen ryhm\u00e4n elinoloihin ryhm\u00e4n tai sen osan fyysiseksi tuhoamiseksi. Kansanmurhatoimet on hyv\u00e4ksytty ja pantu t\u00e4yt\u00e4nt\u00f6\u00f6n korkea-arvoisten sotilas- ja hallitusviranhaltijoiden antamien kansanmurhaan pyrkivien lausuntojen mukaisesti.<\/p>\n\n\n\n<p>Nyt viimeist\u00e4\u00e4n on k\u00e4ynyt selv\u00e4ksi, ett\u00e4 pelk\u00e4n arvostelun voimasta Israel ei luovu tuhoisasta ja inhimillisesti siet\u00e4m\u00e4tt\u00f6m\u00e4st\u00e4 hy\u00f6kk\u00e4ysstrategiastaan eik\u00e4 nykyisen eskalaation takana olevasta siirtokuntakolonialistisesta laajentumishankkeestaan, jotka yh\u00e4 peruuttamattomammin tuhoavat rauhan ja vakauden edellytyksi\u00e4 alueella.<\/p>\n\n\n\n<p>Suomi ei voi katsoa sivusta jatkuvaa kansainv\u00e4lisen oikeuden vakavaa loukkaamista, tuhoa ja teurastusta. Suomen on osaltaan EU:ssa ja YK:ssa, erityisesti koska Israel ei ole noudattanut YK;n kansainv\u00e4lisen tuomioistuimen sitovaa m\u00e4\u00e4r\u00e4yst\u00e4 kansanmurhatoimien est\u00e4misest\u00e4, edistett\u00e4v\u00e4 erityisraportoijan suositusten mukaisia toimia, joihin kuuluvat muun muassa:<\/p>\n\n\n\n<ul class=\"wp-block-list\"><li>asekauppakielto,<\/li><li>tuki Etel\u00e4-Afrikalle turvautumisessa YK:n turvallisuusneuvostoon YK:n peruskirjan artiklan 94(2) mukaisesti Israelin laiminly\u00f6ntien johdosta,<\/li><li>perinpohjaisen, riippumattoman ja l\u00e4pin\u00e4kyv\u00e4n tutkimuksen tekeminen kaikista tehdyist\u00e4 kansainv\u00e4lisen oikeuden loukkauksista,<\/li><li>Palestiinan tilanteen esille ottaminen kansainv\u00e4lisess\u00e4 rikostuomioistuimessa,<\/li><li>suunnitelman laatiminen YK:n yleiskokouksessa nykyisen laittoman ja kest\u00e4m\u00e4tt\u00f6m\u00e4n tilanteen lopettamiseksi Israel\/Palestiinan alueella,<\/li><li>kansainv\u00e4listen turvajoukkojen sijoittaminen alueelle palestiinalaisiin rutiininomaisesti kohdistuvan v\u00e4kivallan est\u00e4miseksi,<\/li><li>UNRWA:n riitt\u00e4v\u00e4n rahoituksen turvaaminen.<\/li><\/ul>\n\n\n\n<p>Euroopan unionissa Suomen tulee n\u00e4iden lis\u00e4ksi edist\u00e4\u00e4 siirtokuntakaupan kielt\u00e4mist\u00e4, jonka j\u00e4senmaat, Suomi mukaan lukien, voivat s\u00e4\u00e4t\u00e4\u00e4 my\u00f6s kansallisella tasolla, ja EU:n ja Israelin assosiaatiosopimuksen j\u00e4\u00e4dytt\u00e4mist\u00e4 Espanjan ja Irlannin esimerkin mukaisesti, kunnes Israel osoittaa kunnioittavansa sopimuksen demokratia- ja ihmisoikeusehtoja.<\/p>\n\n\n\n<p>Kunnioittaen,<\/p>\n\n\n\n<p>Arabikansojen yst\u00e4vyysseura ry<br>Taina Dahlgren, puheenjohtaja<\/p>\n\n\n\n<p><\/p>\n\n\n\n<p><sup>1)<\/sup> <a href=\"https:\/\/www.ohchr.org\/en\/documents\/country-reports\/ahrc5573-report-special-rapporteur-situation-human-rights-palestinian\" target=\"_blank\" rel=\"noreferrer noopener\">https:\/\/www.ohchr.org\/en\/documents\/country-reports\/ahrc5573-report-special-rapporteur-situation-human-rights-palestinian<\/a>,<br>suomenkielinen lyhennelm\u00e4 <u><a href=\"https:\/\/akys.kapsi.fi\/wordpress\/wp-content\/uploads\/2024\/04\/Kansanmurhan-anatomia.pdf\" target=\"_blank\" rel=\"noreferrer noopener\">https:\/\/akys.kapsi.fi\/wordpress\/wp-content\/uploads\/2024\/04\/Kansanmurhan-anatomia.pdf<\/a><\/u><\/p>\n<div class=\"synved-social-container synved-social-container-share\" style=\"text-align: right\"><a class=\"synved-social-button synved-social-button-share synved-social-size-32 synved-social-resolution-single synved-social-provider-facebook nolightbox\" data-provider=\"facebook\" target=\"_blank\" rel=\"nofollow\" title=\"Jaa Facebookissa\" href=\"https:\/\/www.facebook.com\/sharer.php?u=https%3A%2F%2Fakys.kapsi.fi%2Fwordpress%2Fwp-json%2Fwp%2Fv2%2Fposts%2F4729&#038;t=Suomen%20noudatettava%20miehitettyjen%20palestiinalaisalueiden%20erityisraportoijan%20suosituksia&#038;s=100&#038;p&#091;url&#093;=https%3A%2F%2Fakys.kapsi.fi%2Fwordpress%2Fwp-json%2Fwp%2Fv2%2Fposts%2F4729&#038;p&#091;images&#093;&#091;0&#093;=&#038;p&#091;title&#093;=Suomen%20noudatettava%20miehitettyjen%20palestiinalaisalueiden%20erityisraportoijan%20suosituksia\" style=\"font-size: 0px;width:32px;height:32px;margin:0;margin-bottom:5px;margin-right:5px\"><img loading=\"lazy\" decoding=\"async\" alt=\"Facebook\" title=\"Jaa Facebookissa\" class=\"synved-share-image synved-social-image synved-social-image-share\" width=\"32\" height=\"32\" style=\"display: inline;width:32px;height:32px;margin: 0;padding: 0;border: none;box-shadow: none\" src=\"https:\/\/akys.kapsi.fi\/wordpress\/wp-content\/plugins\/social-media-feather\/synved-social\/image\/social\/regular\/64x64\/facebook.png\" \/><\/a><a class=\"synved-social-button synved-social-button-share synved-social-size-32 synved-social-resolution-single synved-social-provider-twitter nolightbox\" data-provider=\"twitter\" target=\"_blank\" rel=\"nofollow\" title=\"Share on Twitter\" href=\"https:\/\/twitter.com\/intent\/tweet?url=https%3A%2F%2Fakys.kapsi.fi%2Fwordpress%2Fwp-json%2Fwp%2Fv2%2Fposts%2F4729&#038;text=Hey%20check%20this%20out\" style=\"font-size: 0px;width:32px;height:32px;margin:0;margin-bottom:5px;margin-right:5px\"><img loading=\"lazy\" decoding=\"async\" alt=\"twitter\" title=\"Share on Twitter\" class=\"synved-share-image synved-social-image synved-social-image-share\" width=\"32\" height=\"32\" style=\"display: inline;width:32px;height:32px;margin: 0;padding: 0;border: none;box-shadow: none\" src=\"https:\/\/akys.kapsi.fi\/wordpress\/wp-content\/plugins\/social-media-feather\/synved-social\/image\/social\/regular\/64x64\/twitter.png\" \/><\/a><a class=\"synved-social-button synved-social-button-share synved-social-size-32 synved-social-resolution-single synved-social-provider-pinterest nolightbox\" data-provider=\"pinterest\" target=\"_blank\" rel=\"nofollow\" title=\"Pin it with Pinterest\" href=\"https:\/\/pinterest.com\/pin\/create\/button\/?url=https%3A%2F%2Fakys.kapsi.fi%2Fwordpress%2Fwp-json%2Fwp%2Fv2%2Fposts%2F4729&#038;media=&#038;description=Suomen%20noudatettava%20miehitettyjen%20palestiinalaisalueiden%20erityisraportoijan%20suosituksia\" style=\"font-size: 0px;width:32px;height:32px;margin:0;margin-bottom:5px;margin-right:5px\"><img loading=\"lazy\" decoding=\"async\" alt=\"pinterest\" title=\"Pin it with Pinterest\" class=\"synved-share-image synved-social-image synved-social-image-share\" width=\"32\" height=\"32\" style=\"display: inline;width:32px;height:32px;margin: 0;padding: 0;border: none;box-shadow: none\" src=\"https:\/\/akys.kapsi.fi\/wordpress\/wp-content\/plugins\/social-media-feather\/synved-social\/image\/social\/regular\/64x64\/pinterest.png\" \/><\/a><a class=\"synved-social-button synved-social-button-share synved-social-size-32 synved-social-resolution-single synved-social-provider-mail nolightbox\" data-provider=\"mail\" rel=\"nofollow\" title=\"Share by email\" href=\"mailto:?subject=Suomen%20noudatettava%20miehitettyjen%20palestiinalaisalueiden%20erityisraportoijan%20suosituksia&#038;body=Hey%20check%20this%20out:%20https%3A%2F%2Fakys.kapsi.fi%2Fwordpress%2Fwp-json%2Fwp%2Fv2%2Fposts%2F4729\" style=\"font-size: 0px;width:32px;height:32px;margin:0;margin-bottom:5px\"><img loading=\"lazy\" decoding=\"async\" alt=\"mail\" title=\"Share by email\" class=\"synved-share-image synved-social-image synved-social-image-share\" width=\"32\" height=\"32\" style=\"display: inline;width:32px;height:32px;margin: 0;padding: 0;border: none;box-shadow: none\" src=\"https:\/\/akys.kapsi.fi\/wordpress\/wp-content\/plugins\/social-media-feather\/synved-social\/image\/social\/regular\/64x64\/mail.png\" \/><\/a><\/div>","protected":false},"excerpt":{"rendered":"<p>Arabikansojen yst\u00e4vyysseura on 3.4.2024 l\u00e4hett\u00e4nyt ulkoministeri\u00f6\u00f6n seuraavan kirjeen Ulkoministeri Elina Valtonen Juuri tapahtunut seitsem\u00e4n ulkomaalaisten avustusty\u00f6ntekij\u00e4n kuolema Gazassa on voimistanut vastalauseita Israelin sodank\u00e4yntitapaa vastaan, jossa ei v\u00e4ltet\u00e4 siviilien surmaamista joukoittain.Yht\u00e4 &hellip; <\/p>\n<p class=\"link-more\"><a href=\"https:\/\/akys.kapsi.fi\/wordpress\/suomen-noudatettava-miehitettyjen-palestiinalaisalueiden-erityisraportoijan-suosituksia\/\" class=\"more-link\">Jatka lukemista<span class=\"screen-reader-text\"> &#8221;Suomen noudatettava miehitettyjen palestiinalaisalueiden erityisraportoijan suosituksia&#8221;<\/span><\/a><\/p>\n","protected":false},"author":4,"featured_media":0,"comment_status":"closed","ping_status":"closed","sticky":false,"template":"","format":"standard","meta":{"footnotes":""},"categories":[22,7,5],"tags":[101,102],"class_list":["post-4729","post","type-post","status-publish","format-standard","hentry","category-uutiset","category-akys","category-vetoomukset","tag-albanese","tag-erittyisraportoija","entry"],"_links":{"self":[{"href":"https:\/\/akys.kapsi.fi\/wordpress\/wp-json\/wp\/v2\/posts\/4729","targetHints":{"allow":["GET"]}}],"collection":[{"href":"https:\/\/akys.kapsi.fi\/wordpress\/wp-json\/wp\/v2\/posts"}],"about":[{"href":"https:\/\/akys.kapsi.fi\/wordpress\/wp-json\/wp\/v2\/types\/post"}],"author":[{"embeddable":true,"href":"https:\/\/akys.kapsi.fi\/wordpress\/wp-json\/wp\/v2\/users\/4"}],"replies":[{"embeddable":true,"href":"https:\/\/akys.kapsi.fi\/wordpress\/wp-json\/wp\/v2\/comments?post=4729"}],"version-history":[{"count":3,"href":"https:\/\/akys.kapsi.fi\/wordpress\/wp-json\/wp\/v2\/posts\/4729\/revisions"}],"predecessor-version":[{"id":4732,"href":"https:\/\/akys.kapsi.fi\/wordpress\/wp-json\/wp\/v2\/posts\/4729\/revisions\/4732"}],"wp:attachment":[{"href":"https:\/\/akys.kapsi.fi\/wordpress\/wp-json\/wp\/v2\/media?parent=4729"}],"wp:term":[{"taxonomy":"category","embeddable":true,"href":"https:\/\/akys.kapsi.fi\/wordpress\/wp-json\/wp\/v2\/categories?post=4729"},{"taxonomy":"post_tag","embeddable":true,"href":"https:\/\/akys.kapsi.fi\/wordpress\/wp-json\/wp\/v2\/tags?post=4729"}],"curies":[{"name":"wp","href":"https:\/\/api.w.org\/{rel}","templated":true}]}}